{"id":5699,"date":"2026-04-26T21:15:14","date_gmt":"2026-04-27T00:15:14","guid":{"rendered":"https:\/\/elfaroonline.com.ar\/?p=5699"},"modified":"2026-04-26T21:15:14","modified_gmt":"2026-04-27T00:15:14","slug":"arcat-extendio-el-pago-anual-hasta-el-22-de-mayo","status":"publish","type":"post","link":"https:\/\/elfaroonline.com.ar\/index.php\/2026\/04\/26\/arcat-extendio-el-pago-anual-hasta-el-22-de-mayo\/","title":{"rendered":"ARCAT extendi\u00f3 el pago anual hasta el 22 de mayo"},"content":{"rendered":"<p>La Agencia de Recaudaci\u00f3n Catamarca prorrog\u00f3 hasta el 22 de mayo el Pago Anual de los impuestos Automotor e Inmobiliario. Con esta medida, se busca brindar m\u00e1s tiempo a los contribuyentes para cumplir con sus obligaciones tributarias y acceder a las bonificaciones previstas para el ejercicio 2026, en el marco de una pol\u00edtica que reconoce el buen cumplimiento y fortalece la cultura tributaria.<\/p>\n<p>&nbsp;<\/p>\n<p>El anuncio fue realizado por el Director Ejecutivo de ARCAT, Ing. Pedro Monferr\u00e1n, en el marco de una reuni\u00f3n mantenida esta semana con autoridades de la Federaci\u00f3n Econ\u00f3mica de Catamarca, FEC, encabezada por su Presidente, Marcelo Coll, en la que tambi\u00e9n se analizaron distintos aspectos econ\u00f3micos e impositivos de la provincia.<\/p>\n<p>&nbsp;<\/p>\n<p>Durante el encuentro se abordaron temas vinculados al esquema tributario y al desarrollo productivo. Como resultado, se acord\u00f3 avanzar en la conformaci\u00f3n de una mesa de trabajo conjunta y en el dise\u00f1o de una agenda integral entre el sector p\u00fablico y el privado.<\/p>\n<p>&nbsp;<\/p>\n<p>Monferr\u00e1n destac\u00f3 la importancia del trabajo articulado entre el sector p\u00fablico y privado y se\u00f1al\u00f3 que \u201cla idea es construir, junto a la Federaci\u00f3n Econ\u00f3mica de Catamarca, una agenda integral que contemple la cuesti\u00f3n impositiva, adem\u00e1s del fortalecimiento del entramado productivo, la coordinaci\u00f3n con los municipios y la generaci\u00f3n de empleo. Buscamos avanzar en pol\u00edticas que mejoren la competitividad, promuevan la inversi\u00f3n y den respuestas concretas a las necesidades de la provincia\u201d.<\/p>\n<p>&nbsp;<\/p>\n<p>Las partes coincidieron en la importancia de incorporar la mirada del sector empresarial y de las PYMES en la definici\u00f3n de pol\u00edticas p\u00fablicas. \u201cBuscamos nutrir esta agenda con el an\u00e1lisis de las empresas para trabajar junto al Estado y construir soluciones en conjunto\u201d, agreg\u00f3 el titular de ARCAT.<\/p>\n<p>&nbsp;<\/p>\n<p>Coll destac\u00f3 los resultados del di\u00e1logo y explic\u00f3 que uno de los objetivos es avanzar en la organizaci\u00f3n del sistema tributario en su v\u00ednculo con los municipios. \u201cSe est\u00e1 evaluando la posibilidad de unificar criterios en las tasas municipales, con ARCAT como organismo ordenador, para evitar situaciones de doble imposici\u00f3n\u201d.<\/p>\n","protected":false},"excerpt":{"rendered":"<p>La Agencia de Recaudaci\u00f3n Catamarca prorrog\u00f3 hasta el 22 de mayo el Pago Anual de los impuestos Automotor e Inmobiliario. Con esta medida, se busca brindar m\u00e1s tiempo a los contribuyentes para cumplir con sus obligaciones tributarias y acceder a las bonificaciones previstas para el ejercicio 2026, en el marco de una pol\u00edtica que reconoce [&hellip;]<\/p>\n","protected":false},"author":2,"featured_media":5700,"comment_status":"open","ping_status":"open","sticky":false,"template":"","format":"standard","meta":{"footnotes":""},"categories":[20],"tags":[],"class_list":{"0":"post-5699","1":"post","2":"type-post","3":"status-publish","4":"format-standard","5":"has-post-thumbnail","7":"category-sociedad"},"aioseo_notices":[],"_links":{"self":[{"href":"https:\/\/elfaroonline.com.ar\/index.php\/wp-json\/wp\/v2\/posts\/5699","targetHints":{"allow":["GET"]}}],"collection":[{"href":"https:\/\/elfaroonline.com.ar\/index.php\/wp-json\/wp\/v2\/posts"}],"about":[{"href":"https:\/\/elfaroonline.com.ar\/index.php\/wp-json\/wp\/v2\/types\/post"}],"author":[{"embeddable":true,"href":"https:\/\/elfaroonline.com.ar\/index.php\/wp-json\/wp\/v2\/users\/2"}],"replies":[{"embeddable":true,"href":"https:\/\/elfaroonline.com.ar\/index.php\/wp-json\/wp\/v2\/comments?post=5699"}],"version-history":[{"count":1,"href":"https:\/\/elfaroonline.com.ar\/index.php\/wp-json\/wp\/v2\/posts\/5699\/revisions"}],"predecessor-version":[{"id":5701,"href":"https:\/\/elfaroonline.com.ar\/index.php\/wp-json\/wp\/v2\/posts\/5699\/revisions\/5701"}],"wp:featuredmedia":[{"embeddable":true,"href":"https:\/\/elfaroonline.com.ar\/index.php\/wp-json\/wp\/v2\/media\/5700"}],"wp:attachment":[{"href":"https:\/\/elfaroonline.com.ar\/index.php\/wp-json\/wp\/v2\/media?parent=5699"}],"wp:term":[{"taxonomy":"category","embeddable":true,"href":"https:\/\/elfaroonline.com.ar\/index.php\/wp-json\/wp\/v2\/categories?post=5699"},{"taxonomy":"post_tag","embeddable":true,"href":"https:\/\/elfaroonline.com.ar\/index.php\/wp-json\/wp\/v2\/tags?post=5699"}],"curies":[{"name":"wp","href":"https:\/\/api.w.org\/{rel}","templated":true}]}}