{"id":570,"date":"2024-05-13T11:51:38","date_gmt":"2024-05-13T14:51:38","guid":{"rendered":"https:\/\/elfaroonline.com.ar\/?p=570"},"modified":"2024-05-13T11:51:38","modified_gmt":"2024-05-13T14:51:38","slug":"asistencia-a-personas-rescatadas-de-una-finca-olivicola","status":"publish","type":"post","link":"https:\/\/elfaroonline.com.ar\/index.php\/2024\/05\/13\/asistencia-a-personas-rescatadas-de-una-finca-olivicola\/","title":{"rendered":"Asistencia a personas rescatadas de una finca oliv\u00edcola"},"content":{"rendered":"<p class=\"v1MsoNormal\"><i>Se efectu\u00f3 un abordaje integral articulado con distintas \u00e1reas para asistir a ocho trabajadores.<\/i><i><\/i><\/p>\n<p class=\"v1MsoNormal\">\n<p class=\"v1MsoNormal\">El Ministerio de Gobierno, Justicia y Derechos Humanos asisti\u00f3 a personas v\u00edctimas de explotaci\u00f3n laboral rescatadas de una finca oliv\u00edcola en Pom\u00e1n, ubicada sobre la Ruta Provincial N\u00ba 64. El operativo se concret\u00f3 junto con Gendarmer\u00eda y AFIP, tras una denuncia recibida en la L\u00ednea telef\u00f3nica 145. Desde el Juzgado Federal N\u00ba 1 se orden\u00f3 el allanamiento en esta finca.<\/p>\n<p class=\"v1MsoNormal\">Este establecimiento oliv\u00edcola no contaba con las m\u00ednimas condiciones de higiene y seguridad. Adem\u00e1s faltaban servicios esenciales como agua caliente, ba\u00f1os o habitaciones acordes. Ocho personas rescatadas fueron trasladadas a la Capital para su posterior regreso a sus lugares de origen, ya que son oriundas de las provincias de Jujuy y Tucum\u00e1n y del departamento Santa Mar\u00eda. Estas personas se encuentran en buen estado general, asistidas por la Secretar\u00eda de Justicia, Derechos Humanos y G\u00e9nero, a trav\u00e9s del Punto Focal para V\u00edctimas de Trata y Explotaci\u00f3n de Personas dependiente de la Direcci\u00f3n Provincial de Derechos Humanos, en coordinaci\u00f3n con el Hogar Warmi y el Ministerio de Desarrollo Social de la Provincia. De esta manera, se garantiz\u00f3 la atenci\u00f3n m\u00e9dica, alimentaci\u00f3n, vestimenta y alojamiento mientras se gestiona el traslado a sus lugares de origen.<\/p>\n<p class=\"v1MsoNormal\"><b>Punto Focal<\/b><b><\/b><\/p>\n<p class=\"v1MsoNormal\">En este contexto, el Ministerio de Gobierno, Justicia y Derechos Humanos asiste a las personas rescatadas a trav\u00e9s del trabajo coordinado y la\u00a0 intervenci\u00f3n Punto de Rescate y Punto Focal para V\u00edctimas de Trata y Explotaci\u00f3n de Personas. El Punto de Rescate Provincial est\u00e1 conformado por un equipo de profesionales de la psicolog\u00eda, el trabajo social y la abogac\u00eda, quienes asisten en los operativos de rescate; colaboran con las autoridades judiciales y las fuerzas de seguridad intervinientes en lo concerniente a la contenci\u00f3n urgente e inmediata y asesoramiento para las posibles v\u00edctimas resultantes de los mencionados operativos judiciales y de seguridad.<\/p>\n<p class=\"v1MsoNormal\">Es importante destacar que este Punto de Rescate Provincial interviene s\u00f3lo de manera excepcional y cuando el Punto de Rescate Nacional o la autoridad judicial lo requieran ante la falta de recursos tanto econ\u00f3micos como humanos. El Punto Focal para V\u00edctimas de Trata y Explotaci\u00f3n de Personas funciona bajo la \u00f3rbita de la Direcci\u00f3n Provincial de Derechos Humanos. Este Punto Focal tiene intervenci\u00f3n luego del rescate de las v\u00edctimas. Para este fin, tiene contacto directo a efectos de elaborar una evaluaci\u00f3n diagn\u00f3stica situacional sobre su estado de salud general, informe socio ambiental y todo lo conducente al resguardo de la integridad f\u00edsica, acceso a la educaci\u00f3n, vivienda, alimentos, vestimenta, revinculaci\u00f3n con su familia y lugar de origen.<\/p>\n<p class=\"v1MsoNormal\">La atenci\u00f3n tanto psicol\u00f3gica como psiqui\u00e1trica se extiende s\u00f3lo durante el tiempo necesario para que la v\u00edctima sea estabilizada y apartada de la situaci\u00f3n de emergencia o riesgo para su salud general. Este tiempo o plazo queda a consideraci\u00f3n del equipo de profesionales del Punto Focal.<\/p>\n<p class=\"v1MsoNormal\">En cuanto a la asistencia social, el equipo realiza las gestiones necesarias, durante todo el tiempo que el caso particular lo demande, a efectos de brindar soluciones de tipo alimentario, habitacional, de acceso a la educaci\u00f3n y al \u00e1mbito laboral.<\/p>\n<p class=\"v1MsoNormal\">El Punto Focal trabaja con el objeto de garantizar el cumplimiento del art\u00edculo 6 de la Ley 26.364 y modificatoria 26.842\u00a0 de Prevenci\u00f3n y sanci\u00f3n de la Trata de Personas y Asistencia a sus V\u00edctimas. Con este norte, el equipo efect\u00faa las gestiones necesarias, durante todo el tiempo que el caso particular lo demande, a efectos de brindar soluciones y garantizar los derechos establecidos en la Ley antes mencionada, especialmente de tipo alimentario, habitacional, de acceso a la educaci\u00f3n y al \u00e1mbito laboral.<\/p>\n<p class=\"v1MsoNormal\">Adem\u00e1s, la Direcci\u00f3n Provincial de Derechos Humanos dispone de un registro de casos en los que se ha intervenido. De esta manera, se disponen de todos los datos y detalles necesarios a efectos sistematizar la informaci\u00f3n que permiten diagramar pol\u00edticas de prevenci\u00f3n, correcciones, fortalecimiento del trabajo realizado.<\/p>\n<p class=\"v1MsoNormal\">\n<p class=\"v1MsoNormal\"><b>Denuncia<\/b><b><\/b><\/p>\n<p class=\"v1MsoNormal\">La l\u00ednea 145 es la v\u00eda de comunicaci\u00f3n inmediata que funciona las 24 horas, todos los d\u00edas del a\u00f1o, para realizar denuncias por el delito de Trata y Explotaci\u00f3n de Personas.<\/p>\n<p class=\"v1MsoNormal\">\n<p class=\"v1MsoNormal\"><b>\u00bfQu\u00e9 pod\u00e9s denunciar?<\/b><b><\/b><\/p>\n<p class=\"v1MsoNormal\">*La existencia de avisos sobre ofertas de comercio sexual o prost\u00edbulos encubiertos que est\u00e9n funcionando como whisker\u00eda, bar, caf\u00e9, club nocturno, casa de masajes o privados.<\/p>\n<p class=\"v1MsoNormal\">*La reducci\u00f3n a la servidumbre y\/o el trabajo forzado en talleres textiles, trabajo rural o casas particulares.<\/p>\n<p class=\"v1MsoNormal\">*La desaparici\u00f3n de una persona. Record\u00e1 que no ten\u00e9s que esperar 48 horas para hacer la denuncia.<\/p>\n","protected":false},"excerpt":{"rendered":"<p>Se efectu\u00f3 un abordaje integral articulado con distintas \u00e1reas para asistir a ocho trabajadores. El Ministerio de Gobierno, Justicia y Derechos Humanos asisti\u00f3 a personas v\u00edctimas de explotaci\u00f3n laboral rescatadas de una finca oliv\u00edcola en Pom\u00e1n, ubicada sobre la Ruta Provincial N\u00ba 64. El operativo se concret\u00f3 junto con Gendarmer\u00eda y AFIP, tras una denuncia [&hellip;]<\/p>\n","protected":false},"author":2,"featured_media":571,"comment_status":"open","ping_status":"open","sticky":false,"template":"","format":"standard","meta":{"footnotes":""},"categories":[23,20],"tags":[],"class_list":{"0":"post-570","1":"post","2":"type-post","3":"status-publish","4":"format-standard","5":"has-post-thumbnail","7":"category-destacados","8":"category-sociedad"},"aioseo_notices":[],"_links":{"self":[{"href":"https:\/\/elfaroonline.com.ar\/index.php\/wp-json\/wp\/v2\/posts\/570","targetHints":{"allow":["GET"]}}],"collection":[{"href":"https:\/\/elfaroonline.com.ar\/index.php\/wp-json\/wp\/v2\/posts"}],"about":[{"href":"https:\/\/elfaroonline.com.ar\/index.php\/wp-json\/wp\/v2\/types\/post"}],"author":[{"embeddable":true,"href":"https:\/\/elfaroonline.com.ar\/index.php\/wp-json\/wp\/v2\/users\/2"}],"replies":[{"embeddable":true,"href":"https:\/\/elfaroonline.com.ar\/index.php\/wp-json\/wp\/v2\/comments?post=570"}],"version-history":[{"count":1,"href":"https:\/\/elfaroonline.com.ar\/index.php\/wp-json\/wp\/v2\/posts\/570\/revisions"}],"predecessor-version":[{"id":572,"href":"https:\/\/elfaroonline.com.ar\/index.php\/wp-json\/wp\/v2\/posts\/570\/revisions\/572"}],"wp:featuredmedia":[{"embeddable":true,"href":"https:\/\/elfaroonline.com.ar\/index.php\/wp-json\/wp\/v2\/media\/571"}],"wp:attachment":[{"href":"https:\/\/elfaroonline.com.ar\/index.php\/wp-json\/wp\/v2\/media?parent=570"}],"wp:term":[{"taxonomy":"category","embeddable":true,"href":"https:\/\/elfaroonline.com.ar\/index.php\/wp-json\/wp\/v2\/categories?post=570"},{"taxonomy":"post_tag","embeddable":true,"href":"https:\/\/elfaroonline.com.ar\/index.php\/wp-json\/wp\/v2\/tags?post=570"}],"curies":[{"name":"wp","href":"https:\/\/api.w.org\/{rel}","templated":true}]}}