{"id":5702,"date":"2026-04-26T21:17:32","date_gmt":"2026-04-27T00:17:32","guid":{"rendered":"https:\/\/elfaroonline.com.ar\/?p=5702"},"modified":"2026-04-26T21:17:32","modified_gmt":"2026-04-27T00:17:32","slug":"audiencia-publica-por-el-proyecto-diablillos-metalifero","status":"publish","type":"post","link":"https:\/\/elfaroonline.com.ar\/index.php\/2026\/04\/26\/audiencia-publica-por-el-proyecto-diablillos-metalifero\/","title":{"rendered":"Audiencia p\u00fablica por el proyecto Diablillos Metal\u00edfero"},"content":{"rendered":"<p style=\"font-weight: 400;\">El Ministerio de Miner\u00eda junto al Equipo Evaluatorio Interdisciplinario llev\u00f3 a cabo la audiencia p\u00fablica para el proyecto metal\u00edfero (plata y oro) ubicado en la zona de cooperaci\u00f3n con Salta. Las empresas concesionarias expusieron sobre los aspectos t\u00e9cnicos, ambientales y sociales. La instancia para consultas se extiende hasta el 7 de mayo.<\/p>\n<p style=\"font-weight: 400;\">\n<p style=\"font-weight: 400;\">Este jueves, en la Ci\u00e9naga La Redonda, se realiz\u00f3 la Audiencia p\u00fablica del proyecto Diablillos Metal\u00edfero, ubicado en la zona de cooperaci\u00f3n con Salta, en el marco del proceso de Participaci\u00f3n Ciudadana convocado para evaluar el Informe de Impacto Ambiental, etapa de explotaci\u00f3n.<\/p>\n<p style=\"font-weight: 400;\">\n<p style=\"font-weight: 400;\">Durante la jornada, de la que participaron unas 110 personas, las empresas Pacific Rim Mining Corporation Argentina y Cerro Bayo S.A. realizaron la presentaci\u00f3n t\u00e9cnica del proyecto, sus distintas etapas, la l\u00ednea de base, aspectos geogr\u00e1ficos, geol\u00f3gicos, ambientales y sociales involucrados.<\/p>\n<p style=\"font-weight: 400;\">\n<p style=\"font-weight: 400;\">Finalizada la exposici\u00f3n, se habilit\u00f3 un espacio de di\u00e1logo en el que los asistentes formularon consultas e inquietudes, tanto a las empresas como a los organismos p\u00fablicos presentes, que se centraron principalmente en la protecci\u00f3n ambiental, conservaci\u00f3n de flora y fauna, la din\u00e1mica demogr\u00e1fica regional entre Salta y Catamarca, el plan de cierre de mina y aspectos sociales como educaci\u00f3n, generaci\u00f3n de empleo local y participaci\u00f3n de proveedores de la zona.<\/p>\n<p style=\"font-weight: 400;\">\n<p style=\"font-weight: 400;\">La jornada cont\u00f3 con la participaci\u00f3n de autoridades de los organismos que integran el Equipo Evaluatorio Interinstitucional: por el Ministerio de Miner\u00eda: la directora Provincial de Gesti\u00f3n Ambiental Minera, Mercedes Pereyra; el director provincial de Escriban\u00eda de Minas, Exequiel Carrizo; y el director general del Servicio Permanente, Ra\u00fal Colombo; representantes del Ministerio de Trabajo, Planificaci\u00f3n y Recursos Humanos, como la directora de Formaci\u00f3n, Carolina P\u00e1ez; el intendente de Antofagasta de la Sierra, Mario Cusipuma, junto a su equipo; y la senadora provincial por Antofagasta de la Sierra, Marisol Soriano.<\/p>\n<p style=\"font-weight: 400;\">\n<p style=\"font-weight: 400;\">Este proceso de Participaci\u00f3n Ciudadana se inici\u00f3 el 27 de marzo, fue convocado por la Direcci\u00f3n Provincial de Gesti\u00f3n Ambiental Minera y se extender\u00e1 hasta el 7 de mayo. Se garantizaron instancias de acceso a la informaci\u00f3n y participaci\u00f3n, en las distintas instancias: charlas t\u00e9cnicas (en la Villa de Antofagasta de la Sierra y Ci\u00e9naga La Redonda), fiscalizaci\u00f3n interinstitucional y comunitaria en el proyecto, consulta del expediente ambiental y la presente Audiencia P\u00fablica.<\/p>\n","protected":false},"excerpt":{"rendered":"<p>El Ministerio de Miner\u00eda junto al Equipo Evaluatorio Interdisciplinario llev\u00f3 a cabo la audiencia p\u00fablica para el proyecto metal\u00edfero (plata y oro) ubicado en la zona de cooperaci\u00f3n con Salta. Las empresas concesionarias expusieron sobre los aspectos t\u00e9cnicos, ambientales y sociales. La instancia para consultas se extiende hasta el 7 de mayo. Este jueves, en [&hellip;]<\/p>\n","protected":false},"author":2,"featured_media":5703,"comment_status":"open","ping_status":"open","sticky":false,"template":"","format":"standard","meta":{"footnotes":""},"categories":[21],"tags":[],"class_list":{"0":"post-5702","1":"post","2":"type-post","3":"status-publish","4":"format-standard","5":"has-post-thumbnail","7":"category-politica"},"aioseo_notices":[],"_links":{"self":[{"href":"https:\/\/elfaroonline.com.ar\/index.php\/wp-json\/wp\/v2\/posts\/5702","targetHints":{"allow":["GET"]}}],"collection":[{"href":"https:\/\/elfaroonline.com.ar\/index.php\/wp-json\/wp\/v2\/posts"}],"about":[{"href":"https:\/\/elfaroonline.com.ar\/index.php\/wp-json\/wp\/v2\/types\/post"}],"author":[{"embeddable":true,"href":"https:\/\/elfaroonline.com.ar\/index.php\/wp-json\/wp\/v2\/users\/2"}],"replies":[{"embeddable":true,"href":"https:\/\/elfaroonline.com.ar\/index.php\/wp-json\/wp\/v2\/comments?post=5702"}],"version-history":[{"count":1,"href":"https:\/\/elfaroonline.com.ar\/index.php\/wp-json\/wp\/v2\/posts\/5702\/revisions"}],"predecessor-version":[{"id":5704,"href":"https:\/\/elfaroonline.com.ar\/index.php\/wp-json\/wp\/v2\/posts\/5702\/revisions\/5704"}],"wp:featuredmedia":[{"embeddable":true,"href":"https:\/\/elfaroonline.com.ar\/index.php\/wp-json\/wp\/v2\/media\/5703"}],"wp:attachment":[{"href":"https:\/\/elfaroonline.com.ar\/index.php\/wp-json\/wp\/v2\/media?parent=5702"}],"wp:term":[{"taxonomy":"category","embeddable":true,"href":"https:\/\/elfaroonline.com.ar\/index.php\/wp-json\/wp\/v2\/categories?post=5702"},{"taxonomy":"post_tag","embeddable":true,"href":"https:\/\/elfaroonline.com.ar\/index.php\/wp-json\/wp\/v2\/tags?post=5702"}],"curies":[{"name":"wp","href":"https:\/\/api.w.org\/{rel}","templated":true}]}}