{"id":5705,"date":"2026-04-26T21:24:15","date_gmt":"2026-04-27T00:24:15","guid":{"rendered":"https:\/\/elfaroonline.com.ar\/?p=5705"},"modified":"2026-04-26T21:24:15","modified_gmt":"2026-04-27T00:24:15","slug":"trump-revelo-como-fue-la-evacuacion-de-seguridad-tras-el-tiroteo-en-washington-no-se-lo-hice-facil-al-servicio-secreto","status":"publish","type":"post","link":"https:\/\/elfaroonline.com.ar\/index.php\/2026\/04\/26\/trump-revelo-como-fue-la-evacuacion-de-seguridad-tras-el-tiroteo-en-washington-no-se-lo-hice-facil-al-servicio-secreto\/","title":{"rendered":"Trump revel\u00f3 c\u00f3mo fue la evacuaci\u00f3n de seguridad tras el tiroteo en Washington: \u201cNo se lo hice f\u00e1cil al Servicio Secreto\u201d"},"content":{"rendered":"<p>El presidente de Estados Unidos, <b>Donald Trump<\/b>, revel\u00f3 este domingo que intent\u00f3 retrasar su evacuaci\u00f3n durante el tiroteo ocurrido en Washington mientras agentes del <b>Servicio Secreto <\/b>lo retiraban del lugar, seg\u00fan declar\u00f3 en una entrevista exclusiva con la cadena <i>CBS News.<\/i><\/p>\n<p class=\"paragraph\" data-mrf-recirculation=\"Links inline\">El mandatario explic\u00f3 que quiso observar la situaci\u00f3n antes de abandonar el sal\u00f3n donde se desarrollaba la cena de corresponsales.<\/p>\n<div class=\"inline ad-wrapper\">\n<div class=\"dfpAd ad-inline ad-text\"><b>\u201cQuer\u00eda ver qu\u00e9 estaba pasando, y no se lo estaba haciendo tan f\u00e1cil<\/b>\u201d, afirm\u00f3. Seg\u00fan su testimonio, en medio de la confusi\u00f3n pidi\u00f3 a los agentes que esperaran unos instantes para poder evaluar lo que suced\u00eda, aunque finalmente fue retirado junto a otros funcionarios.<\/div>\n<div>El episodio ocurri\u00f3 cuando se escucharon disparos en el hotel donde se realizaba el evento. En ese momento, agentes del Servicio Secreto activaron el <b>protocolo de emergencia <\/b>y procedieron a evacuar al presidente, a la primera dama y a otros integrantes del Gobierno.<\/div>\n<div>Trump reconoci\u00f3 que el operativo fue r\u00e1pido y efectivo, y destac\u00f3 el accionar de los equipos de seguridad. \u201c<b>Estaba rodeado de gente excelente<\/b>\u201d, dijo al referirse a los agentes que lo protegieron durante el incidente.<\/div>\n<div>\n<p class=\"paragraph\" data-mrf-recirculation=\"Links inline\">El mandatario tambi\u00e9n brind\u00f3 detalles sobre su percepci\u00f3n inicial de lo ocurrido. Explic\u00f3 que al principio interpret\u00f3 el ruido como la ca\u00edda de un objeto. \u201c<b>Escuch\u00e9 un ruido y pens\u00e9 que era una bandeja que se ca\u00eda<\/b>\u201d, se\u00f1al\u00f3. Sin embargo, con el correr de los segundos comprendi\u00f3 que se trataba de disparos, lo que gener\u00f3 la reacci\u00f3n inmediata de los presentes y de las fuerzas de seguridad.<\/p>\n<p class=\"paragraph\" data-mrf-recirculation=\"Links inline\">De acuerdo con la reconstrucci\u00f3n oficial, el sospechoso intent\u00f3 avanzar armado hacia el interior del edificio antes de ser reducido por la polic\u00eda. El individuo portaba varias armas y fue detenido sin lograr acceder al sal\u00f3n donde se encontraba el presidente.<\/p>\n<p class=\"paragraph\" data-mrf-recirculation=\"Links inline\">Durante el incidente, un agente del Servicio Secreto result\u00f3 alcanzado por un disparo, aunque el impacto fue contenido por su chaleco antibalas, lo que evit\u00f3 consecuencias mayores.<\/p>\n<p class=\"paragraph\" data-mrf-recirculation=\"Links inline\">Trump subray\u00f3 que el atacante no lleg\u00f3 a comprometer directamente el \u00e1rea donde \u00e9l se encontraba.<\/p>\n<div class=\"ad_3 ad-wrapper\">\n<div class=\"dfpAd ad-1-al-6 ad-text\">\n<div id=\"infobae\/estados-unidos\/nota\/ad_3\" class=\"infobae\/estados-unidos\/nota\/ad_3 arcad\" data-google-query-id=\"CN26upnhjJQDFXZJuAQdLYwy3w\"><\/div>\n<\/div>\n<\/div>\n<\/div>\n<\/div>\n","protected":false},"excerpt":{"rendered":"<p>El presidente de Estados Unidos, Donald Trump, revel\u00f3 este domingo que intent\u00f3 retrasar su evacuaci\u00f3n durante el tiroteo ocurrido en Washington mientras agentes del Servicio Secreto lo retiraban del lugar, seg\u00fan declar\u00f3 en una entrevista exclusiva con la cadena CBS News. El mandatario explic\u00f3 que quiso observar la situaci\u00f3n antes de abandonar el sal\u00f3n donde [&hellip;]<\/p>\n","protected":false},"author":2,"featured_media":5706,"comment_status":"open","ping_status":"open","sticky":false,"template":"","format":"standard","meta":{"footnotes":""},"categories":[24],"tags":[],"class_list":{"0":"post-5705","1":"post","2":"type-post","3":"status-publish","4":"format-standard","5":"has-post-thumbnail","7":"category-mundo"},"aioseo_notices":[],"_links":{"self":[{"href":"https:\/\/elfaroonline.com.ar\/index.php\/wp-json\/wp\/v2\/posts\/5705","targetHints":{"allow":["GET"]}}],"collection":[{"href":"https:\/\/elfaroonline.com.ar\/index.php\/wp-json\/wp\/v2\/posts"}],"about":[{"href":"https:\/\/elfaroonline.com.ar\/index.php\/wp-json\/wp\/v2\/types\/post"}],"author":[{"embeddable":true,"href":"https:\/\/elfaroonline.com.ar\/index.php\/wp-json\/wp\/v2\/users\/2"}],"replies":[{"embeddable":true,"href":"https:\/\/elfaroonline.com.ar\/index.php\/wp-json\/wp\/v2\/comments?post=5705"}],"version-history":[{"count":1,"href":"https:\/\/elfaroonline.com.ar\/index.php\/wp-json\/wp\/v2\/posts\/5705\/revisions"}],"predecessor-version":[{"id":5707,"href":"https:\/\/elfaroonline.com.ar\/index.php\/wp-json\/wp\/v2\/posts\/5705\/revisions\/5707"}],"wp:featuredmedia":[{"embeddable":true,"href":"https:\/\/elfaroonline.com.ar\/index.php\/wp-json\/wp\/v2\/media\/5706"}],"wp:attachment":[{"href":"https:\/\/elfaroonline.com.ar\/index.php\/wp-json\/wp\/v2\/media?parent=5705"}],"wp:term":[{"taxonomy":"category","embeddable":true,"href":"https:\/\/elfaroonline.com.ar\/index.php\/wp-json\/wp\/v2\/categories?post=5705"},{"taxonomy":"post_tag","embeddable":true,"href":"https:\/\/elfaroonline.com.ar\/index.php\/wp-json\/wp\/v2\/tags?post=5705"}],"curies":[{"name":"wp","href":"https:\/\/api.w.org\/{rel}","templated":true}]}}