{"id":5708,"date":"2026-04-26T21:28:50","date_gmt":"2026-04-27T00:28:50","guid":{"rendered":"https:\/\/elfaroonline.com.ar\/?p=5708"},"modified":"2026-04-26T21:28:50","modified_gmt":"2026-04-27T00:28:50","slug":"el-impactante-cierre-de-la-exhibicion-de-colapinto-con-el-auto-en-llamas-se-quemo-amigo","status":"publish","type":"post","link":"https:\/\/elfaroonline.com.ar\/index.php\/2026\/04\/26\/el-impactante-cierre-de-la-exhibicion-de-colapinto-con-el-auto-en-llamas-se-quemo-amigo\/","title":{"rendered":"El impactante cierre de la exhibici\u00f3n de Colapinto con el auto en llamas: \u201cSe quem\u00f3, amigo\u201d"},"content":{"rendered":"<p>M\u00e1s de 600.000 fan\u00e1ticos coparon Palermo para la exhibici\u00f3n del argentino a bordo de un Alpine que sufri\u00f3 con su destreza.<\/p>\n<p class=\"paragraph\" data-mrf-recirculation=\"Links inline\">La exhibici\u00f3n incluy\u00f3 maniobras extremas y un momento destacado: en su \u00faltima vuelta a bordo del Lotus E20 de 2012, el veh\u00edculo termin\u00f3 con los <b>ca\u00f1os de escape<\/b> en llamas, luego de varios trompos y de que el piloto incluso soltara el volante durante su conducci\u00f3n. El evento tambi\u00e9n reuni\u00f3 a figuras nacionales y ofreci\u00f3 espect\u00e1culos musicales sobre el circuito callejero de Palermo.<\/p>\n<div class=\"inline ad-wrapper\">\n<div class=\"dfpAd ad-inline ad-text\"><b>\u201cSe quem\u00f3, amigo, me hab\u00edan dicho que lo cuidara, lo trat\u00e9 de cuidar, pero al final me calent\u00e9 un poquito\u201d<\/b>, le revel\u00f3 Colapinto al periodista Juan Fossaroli sobre el episodio de las llamas, que oblig\u00f3 a que los mec\u00e1nicos invadieran la pista para accionar los matafuegos.<\/div>\n<div>\u201cFue un gran d\u00eda, personalmente lo disfrut\u00e9 un mont\u00f3n. A la gente la amo, me acompa\u00f1a siempre. Estoy cayendo de a poco. Es algo dif\u00edcil de entender. La verdad es que soy un agradecido por la chance de representar a mi pa\u00eds, no me lo voy a olvidar m\u00e1s\u201d, expres\u00f3 el pilarense, emocionado.<\/div>\n<\/div>\n","protected":false},"excerpt":{"rendered":"<p>M\u00e1s de 600.000 fan\u00e1ticos coparon Palermo para la exhibici\u00f3n del argentino a bordo de un Alpine que sufri\u00f3 con su destreza. La exhibici\u00f3n incluy\u00f3 maniobras extremas y un momento destacado: en su \u00faltima vuelta a bordo del Lotus E20 de 2012, el veh\u00edculo termin\u00f3 con los ca\u00f1os de escape en llamas, luego de varios trompos [&hellip;]<\/p>\n","protected":false},"author":2,"featured_media":5709,"comment_status":"open","ping_status":"open","sticky":false,"template":"","format":"standard","meta":{"footnotes":""},"categories":[25,22],"tags":[],"class_list":{"0":"post-5708","1":"post","2":"type-post","3":"status-publish","4":"format-standard","5":"has-post-thumbnail","7":"category-deportes","8":"category-nacionales"},"aioseo_notices":[],"_links":{"self":[{"href":"https:\/\/elfaroonline.com.ar\/index.php\/wp-json\/wp\/v2\/posts\/5708","targetHints":{"allow":["GET"]}}],"collection":[{"href":"https:\/\/elfaroonline.com.ar\/index.php\/wp-json\/wp\/v2\/posts"}],"about":[{"href":"https:\/\/elfaroonline.com.ar\/index.php\/wp-json\/wp\/v2\/types\/post"}],"author":[{"embeddable":true,"href":"https:\/\/elfaroonline.com.ar\/index.php\/wp-json\/wp\/v2\/users\/2"}],"replies":[{"embeddable":true,"href":"https:\/\/elfaroonline.com.ar\/index.php\/wp-json\/wp\/v2\/comments?post=5708"}],"version-history":[{"count":1,"href":"https:\/\/elfaroonline.com.ar\/index.php\/wp-json\/wp\/v2\/posts\/5708\/revisions"}],"predecessor-version":[{"id":5710,"href":"https:\/\/elfaroonline.com.ar\/index.php\/wp-json\/wp\/v2\/posts\/5708\/revisions\/5710"}],"wp:featuredmedia":[{"embeddable":true,"href":"https:\/\/elfaroonline.com.ar\/index.php\/wp-json\/wp\/v2\/media\/5709"}],"wp:attachment":[{"href":"https:\/\/elfaroonline.com.ar\/index.php\/wp-json\/wp\/v2\/media?parent=5708"}],"wp:term":[{"taxonomy":"category","embeddable":true,"href":"https:\/\/elfaroonline.com.ar\/index.php\/wp-json\/wp\/v2\/categories?post=5708"},{"taxonomy":"post_tag","embeddable":true,"href":"https:\/\/elfaroonline.com.ar\/index.php\/wp-json\/wp\/v2\/tags?post=5708"}],"curies":[{"name":"wp","href":"https:\/\/api.w.org\/{rel}","templated":true}]}}