{"id":5721,"date":"2026-04-27T21:56:05","date_gmt":"2026-04-28T00:56:05","guid":{"rendered":"https:\/\/elfaroonline.com.ar\/?p=5721"},"modified":"2026-04-27T21:56:05","modified_gmt":"2026-04-28T00:56:05","slug":"el-gobierno-de-catamarca-firmo-un-convenio-con-la-utn","status":"publish","type":"post","link":"https:\/\/elfaroonline.com.ar\/index.php\/2026\/04\/27\/el-gobierno-de-catamarca-firmo-un-convenio-con-la-utn\/","title":{"rendered":"El Gobierno de Catamarca firm\u00f3 un convenio con la UTN"},"content":{"rendered":"<p style=\"font-weight: 400;\">Con el fin de seguir apostando al desarrollo educativo y la formaci\u00f3n de recursos profesionales en Catamarca, el gobernador Raul Jalil junto al Rector de la Universidad Tecnol\u00f3gica Nacional (UTN), Ing. Rub\u00e9n Soro; un convenio de colaboraci\u00f3n para impulsar el dictado de nuevas carreras en el departamento de Tinogasta y brindar un asesoramiento cient\u00edfico y t\u00e9cnico.<\/p>\n<p style=\"font-weight: 400;\">\n<p style=\"font-weight: 400;\">\u00a0El acuerdo promueve la formaci\u00f3n de j\u00f3venes del interior de la Provincia en el \u00e1mbito acad\u00e9mico y productivo, con propuestas orientadas a cada jurisdicci\u00f3n.<\/p>\n<p style=\"font-weight: 400;\">\n<p style=\"font-weight: 400;\">\u00a0La reuni\u00f3n que tuvo lugar en la Casa de Catamarca, cont\u00f3 con la presencia del vicegobernador Rub\u00e9n Dusso; el diputado nacional Sebasti\u00e1n N\u00f3blega; el senador nacional Guillermo Andrada;\u00a0la Lic. Noem\u00ed Fern\u00e1ndez -referente del departamento Bel\u00e9n- y autoridades de la UTN.<\/p>\n<p style=\"font-weight: 400;\">\n<p style=\"font-weight: 400;\">Tras el encuentro, el Gobernador Ra\u00fal Jalil expres\u00f3: \u201cesto es un hecho importante para los j\u00f3venes, para que puedan acceder a m\u00e1s posibilidades de formarse y estudiar en su provincia\u201d.<\/p>\n<p style=\"font-weight: 400;\">\n<p style=\"font-weight: 400;\">\u201cCatamarca tiene que orientar su perfil educativo, de acuerdo a las demandas de empleo que tiene las industrias en desarrollo para formar profesionales que puedan incorporarse al trabajo\u201d, dijo el mandatario.<\/p>\n","protected":false},"excerpt":{"rendered":"<p>Con el fin de seguir apostando al desarrollo educativo y la formaci\u00f3n de recursos profesionales en Catamarca, el gobernador Raul Jalil junto al Rector de la Universidad Tecnol\u00f3gica Nacional (UTN), Ing. Rub\u00e9n Soro; un convenio de colaboraci\u00f3n para impulsar el dictado de nuevas carreras en el departamento de Tinogasta y brindar un asesoramiento cient\u00edfico y [&hellip;]<\/p>\n","protected":false},"author":2,"featured_media":5722,"comment_status":"open","ping_status":"open","sticky":false,"template":"","format":"standard","meta":{"footnotes":""},"categories":[23,21],"tags":[],"class_list":{"0":"post-5721","1":"post","2":"type-post","3":"status-publish","4":"format-standard","5":"has-post-thumbnail","7":"category-destacados","8":"category-politica"},"aioseo_notices":[],"_links":{"self":[{"href":"https:\/\/elfaroonline.com.ar\/index.php\/wp-json\/wp\/v2\/posts\/5721","targetHints":{"allow":["GET"]}}],"collection":[{"href":"https:\/\/elfaroonline.com.ar\/index.php\/wp-json\/wp\/v2\/posts"}],"about":[{"href":"https:\/\/elfaroonline.com.ar\/index.php\/wp-json\/wp\/v2\/types\/post"}],"author":[{"embeddable":true,"href":"https:\/\/elfaroonline.com.ar\/index.php\/wp-json\/wp\/v2\/users\/2"}],"replies":[{"embeddable":true,"href":"https:\/\/elfaroonline.com.ar\/index.php\/wp-json\/wp\/v2\/comments?post=5721"}],"version-history":[{"count":1,"href":"https:\/\/elfaroonline.com.ar\/index.php\/wp-json\/wp\/v2\/posts\/5721\/revisions"}],"predecessor-version":[{"id":5723,"href":"https:\/\/elfaroonline.com.ar\/index.php\/wp-json\/wp\/v2\/posts\/5721\/revisions\/5723"}],"wp:featuredmedia":[{"embeddable":true,"href":"https:\/\/elfaroonline.com.ar\/index.php\/wp-json\/wp\/v2\/media\/5722"}],"wp:attachment":[{"href":"https:\/\/elfaroonline.com.ar\/index.php\/wp-json\/wp\/v2\/media?parent=5721"}],"wp:term":[{"taxonomy":"category","embeddable":true,"href":"https:\/\/elfaroonline.com.ar\/index.php\/wp-json\/wp\/v2\/categories?post=5721"},{"taxonomy":"post_tag","embeddable":true,"href":"https:\/\/elfaroonline.com.ar\/index.php\/wp-json\/wp\/v2\/tags?post=5721"}],"curies":[{"name":"wp","href":"https:\/\/api.w.org\/{rel}","templated":true}]}}