{"id":573,"date":"2024-05-13T11:54:19","date_gmt":"2024-05-13T14:54:19","guid":{"rendered":"https:\/\/elfaroonline.com.ar\/?p=573"},"modified":"2024-05-13T11:54:19","modified_gmt":"2024-05-13T14:54:19","slug":"raul-jalil-y-artesanos-iniciaron-su-agenda-con-visita-el-instituto-europeo-de-diseno","status":"publish","type":"post","link":"https:\/\/elfaroonline.com.ar\/index.php\/2024\/05\/13\/raul-jalil-y-artesanos-iniciaron-su-agenda-con-visita-el-instituto-europeo-de-diseno\/","title":{"rendered":"Ra\u00fal Jalil y artesanos iniciaron su agenda con visita el Instituto Europeo de Dise\u00f1o"},"content":{"rendered":"<p class=\"v1MsoNormal\">En el inicio de la agenda de trabajo de la misi\u00f3n en Italia, el gobernador Ra\u00fal Jalil junto a los artesanos catamarque\u00f1os y el resto de la comitiva provincial, visitaron el Instituto Europeo de Dise\u00f1o (IED).<\/p>\n<p class=\"v1MsoNormal\">El IED es una instituci\u00f3n educativa reconocida internacionalmente que se dedica a la formaci\u00f3n en dise\u00f1o en sus diversas ramas. Posee 11 sedes en 3 pa\u00edses (Italia, Espa\u00f1a y Brasil).<\/p>\n<p class=\"v1MsoNormal\">La comitiva de nuestra provincia fue recibida en la instituci\u00f3n por Serena Selva (directora de Relaciones Acad\u00e9micas e Institucionales) y Olivia Espinelli (directora de la Carrera de Moda).<\/p>\n<p class=\"v1MsoNormal\">Las autoridades del instituto efectuaron una presentaci\u00f3n institucional sobre el trabajo que realizan y sus perspectivas futuras de crecimiento. Asimismo, presentaron los trabajos m\u00e1s relevantes de los alumnos y las colaboraciones que realizan con importantes marcas de relevancia mundial.<\/p>\n<p class=\"v1MsoNormal\">Fue una oportunidad \u00fanica para los artesanos catamarque\u00f1os de interactuar con una de las escuelas de dise\u00f1o m\u00e1s importantes. Como resultado del encuentro se propuso realizar intercambio para promover la capacitaci\u00f3n de artesanos en dise\u00f1o y tendencias.<\/p>\n<p class=\"v1MsoNormal\">La comitiva, encabezada por el Gobernador, junto a funcionarios y artesanos introdujeron a las autoridades del IED en el contexto provincial, a la vez que presentaron el Proyecto Ruta del Telar, haciendo hincapi\u00e9 en la relevancia del fortalecimiento que est\u00e1 teniendo la actividad textil artesanal y de la vicu\u00f1a y su fibra, gracias a este proyecto.<\/p>\n","protected":false},"excerpt":{"rendered":"<p>En el inicio de la agenda de trabajo de la misi\u00f3n en Italia, el gobernador Ra\u00fal Jalil junto a los artesanos catamarque\u00f1os y el resto de la comitiva provincial, visitaron el Instituto Europeo de Dise\u00f1o (IED). El IED es una instituci\u00f3n educativa reconocida internacionalmente que se dedica a la formaci\u00f3n en dise\u00f1o en sus diversas [&hellip;]<\/p>\n","protected":false},"author":2,"featured_media":574,"comment_status":"open","ping_status":"open","sticky":false,"template":"","format":"standard","meta":{"footnotes":""},"categories":[23,21],"tags":[],"class_list":{"0":"post-573","1":"post","2":"type-post","3":"status-publish","4":"format-standard","5":"has-post-thumbnail","7":"category-destacados","8":"category-politica"},"aioseo_notices":[],"_links":{"self":[{"href":"https:\/\/elfaroonline.com.ar\/index.php\/wp-json\/wp\/v2\/posts\/573","targetHints":{"allow":["GET"]}}],"collection":[{"href":"https:\/\/elfaroonline.com.ar\/index.php\/wp-json\/wp\/v2\/posts"}],"about":[{"href":"https:\/\/elfaroonline.com.ar\/index.php\/wp-json\/wp\/v2\/types\/post"}],"author":[{"embeddable":true,"href":"https:\/\/elfaroonline.com.ar\/index.php\/wp-json\/wp\/v2\/users\/2"}],"replies":[{"embeddable":true,"href":"https:\/\/elfaroonline.com.ar\/index.php\/wp-json\/wp\/v2\/comments?post=573"}],"version-history":[{"count":1,"href":"https:\/\/elfaroonline.com.ar\/index.php\/wp-json\/wp\/v2\/posts\/573\/revisions"}],"predecessor-version":[{"id":575,"href":"https:\/\/elfaroonline.com.ar\/index.php\/wp-json\/wp\/v2\/posts\/573\/revisions\/575"}],"wp:featuredmedia":[{"embeddable":true,"href":"https:\/\/elfaroonline.com.ar\/index.php\/wp-json\/wp\/v2\/media\/574"}],"wp:attachment":[{"href":"https:\/\/elfaroonline.com.ar\/index.php\/wp-json\/wp\/v2\/media?parent=573"}],"wp:term":[{"taxonomy":"category","embeddable":true,"href":"https:\/\/elfaroonline.com.ar\/index.php\/wp-json\/wp\/v2\/categories?post=573"},{"taxonomy":"post_tag","embeddable":true,"href":"https:\/\/elfaroonline.com.ar\/index.php\/wp-json\/wp\/v2\/tags?post=573"}],"curies":[{"name":"wp","href":"https:\/\/api.w.org\/{rel}","templated":true}]}}