{"id":577,"date":"2024-05-13T19:14:15","date_gmt":"2024-05-13T22:14:15","guid":{"rendered":"https:\/\/elfaroonline.com.ar\/?p=577"},"modified":"2024-05-13T19:14:15","modified_gmt":"2024-05-13T22:14:15","slug":"echaron-a-marcelo-gallardo-como-entrenador-del-al-ittihad","status":"publish","type":"post","link":"https:\/\/elfaroonline.com.ar\/index.php\/2024\/05\/13\/echaron-a-marcelo-gallardo-como-entrenador-del-al-ittihad\/","title":{"rendered":"Echaron a Marcelo Gallardo como entrenador del Al Ittihad"},"content":{"rendered":"<p><b>Marcelo Gallardo<\/b> <b>fue despedido <\/b>como entrenador del<b> Al Ittihad <\/b>de la Liga Saud\u00ed. <b>A solo seis meses de haber asumido<\/b>, la directiva \u00e1rabe no toler\u00f3 la \u00faltima derrota por 5 a 0 que lo dej\u00f3 <b>sin chances de clasificar a la AFC Champions League<\/b> y le comunic\u00f3 la ruptura de su contrato que ten\u00eda duraci\u00f3n hasta mediados del 2025.<\/p>\n<p><b>\u201cEl t\u00e9cnico argentino se marchar\u00e1 del club saud\u00ed. <\/b>El \u00fanico detalle que se aclara es si se marchar\u00e1 <b>ahora o al final de la temporada<\/b>, pero Gallardo se separar\u00e1 del Al Ittihad\u201d, confirm\u00f3 el periodista Fabrizio Romano, experto en mercado de pases.<\/p>\n<p>El director t\u00e9cnico de 48 a\u00f1os, quien asumi\u00f3 en noviembre de 2023 por 18 meses, <b>hab\u00eda firmado el segundo contrato m\u00e1s importante del mundo<\/b>en materia econ\u00f3mica. Adem\u00e1s, contaba con una cl\u00e1usula de renovaci\u00f3n<b> <\/b>por un a\u00f1o y medio m\u00e1s si acompa\u00f1aban los resultados. Sin embargo, <b>una seguidilla de duras derrotas lo eyectaron del cargo<\/b> a solo seis meses de asumir.<\/p>\n<p class=\"paragraph\" data-mrf-recirculation=\"Links inline\">Entre los m\u00e1s importantes fueron la <b>eliminaci\u00f3n en cuartos de final de la Champions League<\/b> de Asia, en la misma instancia <b>del Mundial de Clubes<\/b>, en semifinales <b>de la King\u2019s Cup<\/b> (a manos del Al-Hilal de Jorge Jesus)<b> y derrota en la final de la Supercopa<\/b> de Arabia Saudita.<\/p>\n<p class=\"paragraph\" data-mrf-recirculation=\"Links inline\">Adem\u00e1s, actualmente, <b>Al Ittihad acumula cuatro derrotas consecutivas<\/b> en la Liga Saud\u00ed de F\u00fatbol y <b>marcha en el quinto puesto<\/b>, quedando sin posibilidades de clasificar a alguna competencia internacional la pr\u00f3xima temporada.<\/p>\n","protected":false},"excerpt":{"rendered":"<p>Marcelo Gallardo fue despedido como entrenador del Al Ittihad de la Liga Saud\u00ed. A solo seis meses de haber asumido, la directiva \u00e1rabe no toler\u00f3 la \u00faltima derrota por 5 a 0 que lo dej\u00f3 sin chances de clasificar a la AFC Champions League y le comunic\u00f3 la ruptura de su contrato que ten\u00eda duraci\u00f3n [&hellip;]<\/p>\n","protected":false},"author":2,"featured_media":578,"comment_status":"open","ping_status":"open","sticky":false,"template":"","format":"standard","meta":{"footnotes":""},"categories":[25],"tags":[],"class_list":{"0":"post-577","1":"post","2":"type-post","3":"status-publish","4":"format-standard","5":"has-post-thumbnail","7":"category-deportes"},"aioseo_notices":[],"_links":{"self":[{"href":"https:\/\/elfaroonline.com.ar\/index.php\/wp-json\/wp\/v2\/posts\/577","targetHints":{"allow":["GET"]}}],"collection":[{"href":"https:\/\/elfaroonline.com.ar\/index.php\/wp-json\/wp\/v2\/posts"}],"about":[{"href":"https:\/\/elfaroonline.com.ar\/index.php\/wp-json\/wp\/v2\/types\/post"}],"author":[{"embeddable":true,"href":"https:\/\/elfaroonline.com.ar\/index.php\/wp-json\/wp\/v2\/users\/2"}],"replies":[{"embeddable":true,"href":"https:\/\/elfaroonline.com.ar\/index.php\/wp-json\/wp\/v2\/comments?post=577"}],"version-history":[{"count":1,"href":"https:\/\/elfaroonline.com.ar\/index.php\/wp-json\/wp\/v2\/posts\/577\/revisions"}],"predecessor-version":[{"id":579,"href":"https:\/\/elfaroonline.com.ar\/index.php\/wp-json\/wp\/v2\/posts\/577\/revisions\/579"}],"wp:featuredmedia":[{"embeddable":true,"href":"https:\/\/elfaroonline.com.ar\/index.php\/wp-json\/wp\/v2\/media\/578"}],"wp:attachment":[{"href":"https:\/\/elfaroonline.com.ar\/index.php\/wp-json\/wp\/v2\/media?parent=577"}],"wp:term":[{"taxonomy":"category","embeddable":true,"href":"https:\/\/elfaroonline.com.ar\/index.php\/wp-json\/wp\/v2\/categories?post=577"},{"taxonomy":"post_tag","embeddable":true,"href":"https:\/\/elfaroonline.com.ar\/index.php\/wp-json\/wp\/v2\/tags?post=577"}],"curies":[{"name":"wp","href":"https:\/\/api.w.org\/{rel}","templated":true}]}}