{"id":580,"date":"2024-05-13T19:21:04","date_gmt":"2024-05-13T22:21:04","guid":{"rendered":"https:\/\/elfaroonline.com.ar\/?p=580"},"modified":"2024-05-13T19:21:04","modified_gmt":"2024-05-13T22:21:04","slug":"el-gobierno-accedio-a-cambiar-la-ley-bases-y-el-paquete-fiscal","status":"publish","type":"post","link":"https:\/\/elfaroonline.com.ar\/index.php\/2024\/05\/13\/el-gobierno-accedio-a-cambiar-la-ley-bases-y-el-paquete-fiscal\/","title":{"rendered":"El Gobierno accedi\u00f3 a cambiar la Ley Bases y el paquete fiscal"},"content":{"rendered":"<p>Tras m\u00e1s de una semana de idas y vueltas, el Gobierno tom\u00f3 nota del ba\u00f1o de realidad que le dio la oposici\u00f3n dialoguista a la Ley Bases y el paquete fiscal y dar\u00e1 una se\u00f1al para salvar los proyectos, que volver\u00e1n en segunda revisi\u00f3n a Diputados. Bajo estos par\u00e1metros, el segundo de la Jefatura de Gabinete, <b>Jos\u00e9 Rolandi<\/b>, <b>se reunir\u00e1 en las pr\u00f3ximas horas con legisladores para anotar, uno por uno, los cambios a las iniciativas y consensuar un acompa\u00f1amiento en conjunto<\/b>que descarte, por completo, el rechazo de lleno que plantea el kirchnerismo, algo que siempre estuvo alejado, m\u00e1s all\u00e1 de los tironeos de los \u00faltimos d\u00edas.<\/p>\n<p class=\"paragraph\" data-mrf-recirculation=\"Links inline\">La promesa de Rolandi se dio durante el transcurso de la jornada de este lunes, en paralelo a la continuaci\u00f3n del debate en el plenario de las comisiones de Legislaci\u00f3n General; Presupuesto y Hacienda; y Asuntos Constitucionales de la C\u00e1mara alta, que modera el titular de la primera, el libertario <b>Bartolom\u00e9 Abdala<\/b>. De hecho,<b> el funcionario estuvo esta misma tarde en el Senado y confirm\u00f3 la orden del Ejecutivo a jefes de bloque<\/b>, como el radical Eduardo Vischi (Corrientes) y el oficialista Ezequiel Atauche.<\/p>\n<div class=\"inline ad-wrapper\">\n<div class=\"dfpAd ad-inline\"><\/div>\n<\/div>\n<p class=\"paragraph\" data-mrf-recirculation=\"Links inline\">El inevitable sinceramiento de la discusi\u00f3n se da luego de desconexiones abismales entre el Gobierno y el propio oficialismo. Por caso, <b>un panorama m\u00e1s que preciso fue dado al Ejecutivo en la previa del inicio del debate en el Senado, gracias al trabajo discreto de colaboradores cercanos de la vicepresidenta y titular de la C\u00e1mara alta, Victoria Villarruel, hoy ofuscada por el devenir en cuanto al tratamiento de los temas<\/b>.<\/p>\n<p class=\"paragraph\" data-mrf-recirculation=\"Links inline\">La estrategia que La Libertad Avanza intenta desplegar ahora incluir\u00eda tambi\u00e9n contactos sigilosos del asesor premium del Gobierno, <b>Santiago Caputo<\/b>, con senadores considerados \u201caceitosos\u201d para resolver otro tipo de conflictos. Mientras tanto, la discusi\u00f3n continuar\u00eda con m\u00e1s exposiciones ma\u00f1ana y el mi\u00e9rcoles se espera el demorado primer informe de gesti\u00f3n del jefe de Gabinete, <b>Nicol\u00e1s Posse<\/b>, en el recinto de la C\u00e1mara alta, para cumplir con lo que dicta la Constituci\u00f3n.<\/p>\n<p class=\"paragraph\" data-mrf-recirculation=\"Links inline\">A pesar de las se\u00f1ales, otros legisladores de la oposici\u00f3n dialoguista a\u00fan no fueron notificados sobre una eventual reuni\u00f3n con Rolandi y esperan el llamado, y a\u00fan hay desconfianza por la jugada. En tanto, los silvestres provinciales se mantienen en l\u00ednea con gobernadores para instrucciones finales. Junto al RIGI aparece la delicada reinstauraci\u00f3n de Ganancias, que quieren casi todos los mandatarios provinciales ante el ahogo fiscal, pero que muchas de sus terminales parlamentarias no votar\u00e1n.<\/p>\n<p class=\"paragraph\" data-mrf-recirculation=\"Links inline\">Otros \u00edtems con lupa opositora se enfocan en las facultades delegadas de las emergencias solicitadas, el \u00e1rea previsional y la desactivaci\u00f3n de moratoria, dudas por cuestiones legales relacionadas con el blanqueo -picard\u00edas por doquier- y varias sugerencias para que Bienes Personales contemple alg\u00fan gui\u00f1o al plano local por sobre el del exterior.<\/p>\n","protected":false},"excerpt":{"rendered":"<p>Tras m\u00e1s de una semana de idas y vueltas, el Gobierno tom\u00f3 nota del ba\u00f1o de realidad que le dio la oposici\u00f3n dialoguista a la Ley Bases y el paquete fiscal y dar\u00e1 una se\u00f1al para salvar los proyectos, que volver\u00e1n en segunda revisi\u00f3n a Diputados. Bajo estos par\u00e1metros, el segundo de la Jefatura de [&hellip;]<\/p>\n","protected":false},"author":2,"featured_media":581,"comment_status":"open","ping_status":"open","sticky":false,"template":"","format":"standard","meta":{"footnotes":""},"categories":[23,22],"tags":[],"class_list":{"0":"post-580","1":"post","2":"type-post","3":"status-publish","4":"format-standard","5":"has-post-thumbnail","7":"category-destacados","8":"category-nacionales"},"aioseo_notices":[],"_links":{"self":[{"href":"https:\/\/elfaroonline.com.ar\/index.php\/wp-json\/wp\/v2\/posts\/580","targetHints":{"allow":["GET"]}}],"collection":[{"href":"https:\/\/elfaroonline.com.ar\/index.php\/wp-json\/wp\/v2\/posts"}],"about":[{"href":"https:\/\/elfaroonline.com.ar\/index.php\/wp-json\/wp\/v2\/types\/post"}],"author":[{"embeddable":true,"href":"https:\/\/elfaroonline.com.ar\/index.php\/wp-json\/wp\/v2\/users\/2"}],"replies":[{"embeddable":true,"href":"https:\/\/elfaroonline.com.ar\/index.php\/wp-json\/wp\/v2\/comments?post=580"}],"version-history":[{"count":1,"href":"https:\/\/elfaroonline.com.ar\/index.php\/wp-json\/wp\/v2\/posts\/580\/revisions"}],"predecessor-version":[{"id":582,"href":"https:\/\/elfaroonline.com.ar\/index.php\/wp-json\/wp\/v2\/posts\/580\/revisions\/582"}],"wp:featuredmedia":[{"embeddable":true,"href":"https:\/\/elfaroonline.com.ar\/index.php\/wp-json\/wp\/v2\/media\/581"}],"wp:attachment":[{"href":"https:\/\/elfaroonline.com.ar\/index.php\/wp-json\/wp\/v2\/media?parent=580"}],"wp:term":[{"taxonomy":"category","embeddable":true,"href":"https:\/\/elfaroonline.com.ar\/index.php\/wp-json\/wp\/v2\/categories?post=580"},{"taxonomy":"post_tag","embeddable":true,"href":"https:\/\/elfaroonline.com.ar\/index.php\/wp-json\/wp\/v2\/tags?post=580"}],"curies":[{"name":"wp","href":"https:\/\/api.w.org\/{rel}","templated":true}]}}