{"id":598,"date":"2024-05-16T21:26:02","date_gmt":"2024-05-17T00:26:02","guid":{"rendered":"https:\/\/elfaroonline.com.ar\/?p=598"},"modified":"2024-05-16T21:26:02","modified_gmt":"2024-05-17T00:26:02","slug":"el-gobernador-junto-lideres-mundiales-participa-en-cumbre-sobre-el-cambio-climatico-en-el-vaticano","status":"publish","type":"post","link":"https:\/\/elfaroonline.com.ar\/index.php\/2024\/05\/16\/el-gobernador-junto-lideres-mundiales-participa-en-cumbre-sobre-el-cambio-climatico-en-el-vaticano\/","title":{"rendered":"El Gobernador junto l\u00edderes mundiales participa en cumbre sobre el Cambio Clim\u00e1tico en el Vaticano"},"content":{"rendered":"<p class=\"v1MsoNormal\">La Casina P\u00edo IV fue el epicentro del encuentro internacional sobre el cambio clim\u00e1tico, impulsado por el Papa Francisco, que cont\u00f3 con la participaci\u00f3n del gobernador Ra\u00fal Jalil. El evento reuni\u00f3 a alcaldes y gobernadores de diversas ciudades del mundo, investigadores, l\u00edderes religiosos y miembros de la sociedad civil.<\/p>\n<p class=\"v1MsoNormal\">La cumbre denominada &#8220;De la crisis clim\u00e1tica a la resiliencia clim\u00e1tica&#8221; es organizada por las Pontificias Academias de Ciencias y de Ciencias Sociales. La misma est\u00e1 enfocada en la crisis clim\u00e1tica donde se abordan las crisis energ\u00e9ticas y alimentarias, y presenta las &#8220;mejores pr\u00e1cticas&#8221; ya implementadas en estos \u00e1mbitos.<\/p>\n<p class=\"v1MsoNormal\">El objetivo principal de la reuni\u00f3n fue entender los retos cient\u00edficos y sociales del cambio clim\u00e1tico y recomendar soluciones para que las personas y los ecosistemas sean resilientes.<\/p>\n<p class=\"v1MsoNormal\">Sobre el cambio clim\u00e1tico, Ra\u00fal Jalil sostuvo que &#8220;es urgente, hay que trabajar&#8221; para evitar la aparici\u00f3n de nuevas enfermedades producto de estos cambios. &#8220;Nosotros lo vemos en Catamarca donde estamos preocupados porque vemos enfermedades que no ten\u00edamos, como el dengue, o la chicharra, que afecta el ma\u00edz, vemos una baja de la natalidad del 50%&#8221;.<\/p>\n<p class=\"v1MsoNormal\">Destac\u00f3 la potencialidad de Catamarca a trav\u00e9s del tri\u00e1ngulo del litio que conforma con las provincias de Salta y Jujuy, &#8220;estamos convencidos que puede dar un cambio de la matriz energ\u00e9tica&#8221;, aunque enfatiz\u00f3 que todo tiene que ser bajo un control social, ambiental y econ\u00f3mico, y &#8220;por eso estamos tambi\u00e9n aqu\u00ed con caciques, artesanos de la puna catamarque\u00f1a&#8221;, se\u00f1al\u00f3 el mandatario provincial.<\/p>\n<p class=\"v1MsoNormal\">Durante el evento, se discutieron posibles planes de acci\u00f3n que integran tanto al sector p\u00fablico como al privado. Los participantes destacaron la importancia de un uso adecuado de las energ\u00edas, priorizando la energ\u00eda el\u00e9ctrica para la movilidad, y subrayan la necesidad de un control eficiente del agua. Adem\u00e1s, se plantearon planes de forestaci\u00f3n y medidas de control minero.<\/p>\n<p class=\"v1MsoNormal\">Un punto crucial de la discusi\u00f3n fue la necesidad de involucrar a la sociedad a trav\u00e9s de la educaci\u00f3n, medidas preventivas y protocolos para situaciones de contingencia, como inundaciones y olas de calor, consecuencias directas del cambio clim\u00e1tico. La cumbre sirvi\u00f3 como un foro esencial para que los l\u00edderes globales compartieran estrategias y experiencias, fomentando la colaboraci\u00f3n internacional en la lucha contra el cambio clim\u00e1tico.<\/p>\n<p class=\"v1MsoNormal\">Los l\u00edderes mundiales subrayan sobre la urgencia de tomar medidas concertadas y efectivas para enfrentar los desaf\u00edos del cambio clim\u00e1tico y proteger el futuro de nuestro planeta.<\/p>\n<p class=\"v1MsoNormal\"><b>Audiencia con el Papa<\/b><\/p>\n<p class=\"v1MsoNormal\">En el marco de la cumbre clim\u00e1tica, el gobernador Ra\u00fal Jalil fue recibido por el papa Francisco en la Sala Clementina del Palacio Apost\u00f3lico en una audiencia grupal, junto a los dem\u00e1s asistentes a la cumbre de tres d\u00edas titulada &#8220;De la crisis clim\u00e1tica a la resiliencia clim\u00e1tica&#8221;, que fue organizada por las Pontificias Academias de Ciencias y de Ciencias Sociales.<\/p>\n<p class=\"v1MsoNormal\">Subray\u00f3 que tuvo una buena conversaci\u00f3n con el Papa y lo invit\u00f3 a Catamarca. &#8220;Ser\u00eda para nosotros un placer que nos visite. Lo vi muy bien, muy l\u00facido&#8221; expres\u00f3.<\/p>\n","protected":false},"excerpt":{"rendered":"<p>La Casina P\u00edo IV fue el epicentro del encuentro internacional sobre el cambio clim\u00e1tico, impulsado por el Papa Francisco, que cont\u00f3 con la participaci\u00f3n del gobernador Ra\u00fal Jalil. El evento reuni\u00f3 a alcaldes y gobernadores de diversas ciudades del mundo, investigadores, l\u00edderes religiosos y miembros de la sociedad civil. La cumbre denominada &#8220;De la crisis [&hellip;]<\/p>\n","protected":false},"author":2,"featured_media":599,"comment_status":"open","ping_status":"open","sticky":false,"template":"","format":"standard","meta":{"footnotes":""},"categories":[23,21],"tags":[],"class_list":{"0":"post-598","1":"post","2":"type-post","3":"status-publish","4":"format-standard","5":"has-post-thumbnail","7":"category-destacados","8":"category-politica"},"aioseo_notices":[],"_links":{"self":[{"href":"https:\/\/elfaroonline.com.ar\/index.php\/wp-json\/wp\/v2\/posts\/598","targetHints":{"allow":["GET"]}}],"collection":[{"href":"https:\/\/elfaroonline.com.ar\/index.php\/wp-json\/wp\/v2\/posts"}],"about":[{"href":"https:\/\/elfaroonline.com.ar\/index.php\/wp-json\/wp\/v2\/types\/post"}],"author":[{"embeddable":true,"href":"https:\/\/elfaroonline.com.ar\/index.php\/wp-json\/wp\/v2\/users\/2"}],"replies":[{"embeddable":true,"href":"https:\/\/elfaroonline.com.ar\/index.php\/wp-json\/wp\/v2\/comments?post=598"}],"version-history":[{"count":1,"href":"https:\/\/elfaroonline.com.ar\/index.php\/wp-json\/wp\/v2\/posts\/598\/revisions"}],"predecessor-version":[{"id":600,"href":"https:\/\/elfaroonline.com.ar\/index.php\/wp-json\/wp\/v2\/posts\/598\/revisions\/600"}],"wp:featuredmedia":[{"embeddable":true,"href":"https:\/\/elfaroonline.com.ar\/index.php\/wp-json\/wp\/v2\/media\/599"}],"wp:attachment":[{"href":"https:\/\/elfaroonline.com.ar\/index.php\/wp-json\/wp\/v2\/media?parent=598"}],"wp:term":[{"taxonomy":"category","embeddable":true,"href":"https:\/\/elfaroonline.com.ar\/index.php\/wp-json\/wp\/v2\/categories?post=598"},{"taxonomy":"post_tag","embeddable":true,"href":"https:\/\/elfaroonline.com.ar\/index.php\/wp-json\/wp\/v2\/tags?post=598"}],"curies":[{"name":"wp","href":"https:\/\/api.w.org\/{rel}","templated":true}]}}