{"id":617,"date":"2024-05-17T10:58:49","date_gmt":"2024-05-17T13:58:49","guid":{"rendered":"https:\/\/elfaroonline.com.ar\/?p=617"},"modified":"2024-05-17T10:58:49","modified_gmt":"2024-05-17T13:58:49","slug":"policias-aprehendieron-a-un-joven-sospechado-de-un-cuantioso-ilicito-y-secuestran-8-millones-de-pesos","status":"publish","type":"post","link":"https:\/\/elfaroonline.com.ar\/index.php\/2024\/05\/17\/policias-aprehendieron-a-un-joven-sospechado-de-un-cuantioso-ilicito-y-secuestran-8-millones-de-pesos\/","title":{"rendered":"Polic\u00edas aprehendieron a un joven sospechado de un cuantioso il\u00edcito y secuestran 8 millones de pesos"},"content":{"rendered":"<p class=\"p1\"><span class=\"s1\">Anoche, a las 20:00, mientras efectivos de la Comisar\u00eda D\u00e9cima realizaban recorridos preventivos por la esquina de la avenida Hip\u00f3lito Yrigoyen y calle La Rioja, procedieron a la aprehensi\u00f3n de un joven de apellido Quiroga (27), quien fue sindicado por dos j\u00f3venes de 24 y 25 a\u00f1os de edad, como el presunto autor de un cuantioso il\u00edcito perpetrado, minutos antes, en la intersecci\u00f3n de avenida G\u00fcemes y calle Los Regionales.<\/span><\/p>\n<p class=\"p1\"><span class=\"s1\">Esta persona, a bordo de una motocicleta tipo 110 cc., junto a otro sujeto que logr\u00f3 darse a la fuga, habr\u00eda causado da\u00f1os en el vidrio de una de las ventanillas de una camioneta Volkswagen Saveiro, de color blanco, propiedad de un hombre de 30 a\u00f1os, para luego sustraer del interior del rodado una mochila que conten\u00eda una suma aproximada a los ocho millones de pesos ($ 8.000.000) en efectivo, que fue recuperada y qued\u00f3 en calidad de secuestro.<\/span><\/p>\n<p class=\"p1\"><span class=\"s1\">Por el hecho, se invit\u00f3 al damnificado a radicar la denuncia penal correspondiente en la Unidad Judicial N\u00b0 2, luego de ser asistido por facultativos m\u00e9dicos del SAME, ya que sufri\u00f3 una descompensaci\u00f3n, mientras que el aprehendido fue alojado en la Comisar\u00eda Segunda, que por jurisdicci\u00f3n corresponde, a disposici\u00f3n de la Fiscal\u00eda de Instrucci\u00f3n en turno del Distrito Sur.<\/span><\/p>\n","protected":false},"excerpt":{"rendered":"<p>Anoche, a las 20:00, mientras efectivos de la Comisar\u00eda D\u00e9cima realizaban recorridos preventivos por la esquina de la avenida Hip\u00f3lito Yrigoyen y calle La Rioja, procedieron a la aprehensi\u00f3n de un joven de apellido Quiroga (27), quien fue sindicado por dos j\u00f3venes de 24 y 25 a\u00f1os de edad, como el presunto autor de un [&hellip;]<\/p>\n","protected":false},"author":2,"featured_media":618,"comment_status":"open","ping_status":"open","sticky":false,"template":"","format":"standard","meta":{"footnotes":""},"categories":[23,27],"tags":[],"class_list":{"0":"post-617","1":"post","2":"type-post","3":"status-publish","4":"format-standard","5":"has-post-thumbnail","7":"category-destacados","8":"category-policiales"},"aioseo_notices":[],"_links":{"self":[{"href":"https:\/\/elfaroonline.com.ar\/index.php\/wp-json\/wp\/v2\/posts\/617","targetHints":{"allow":["GET"]}}],"collection":[{"href":"https:\/\/elfaroonline.com.ar\/index.php\/wp-json\/wp\/v2\/posts"}],"about":[{"href":"https:\/\/elfaroonline.com.ar\/index.php\/wp-json\/wp\/v2\/types\/post"}],"author":[{"embeddable":true,"href":"https:\/\/elfaroonline.com.ar\/index.php\/wp-json\/wp\/v2\/users\/2"}],"replies":[{"embeddable":true,"href":"https:\/\/elfaroonline.com.ar\/index.php\/wp-json\/wp\/v2\/comments?post=617"}],"version-history":[{"count":1,"href":"https:\/\/elfaroonline.com.ar\/index.php\/wp-json\/wp\/v2\/posts\/617\/revisions"}],"predecessor-version":[{"id":619,"href":"https:\/\/elfaroonline.com.ar\/index.php\/wp-json\/wp\/v2\/posts\/617\/revisions\/619"}],"wp:featuredmedia":[{"embeddable":true,"href":"https:\/\/elfaroonline.com.ar\/index.php\/wp-json\/wp\/v2\/media\/618"}],"wp:attachment":[{"href":"https:\/\/elfaroonline.com.ar\/index.php\/wp-json\/wp\/v2\/media?parent=617"}],"wp:term":[{"taxonomy":"category","embeddable":true,"href":"https:\/\/elfaroonline.com.ar\/index.php\/wp-json\/wp\/v2\/categories?post=617"},{"taxonomy":"post_tag","embeddable":true,"href":"https:\/\/elfaroonline.com.ar\/index.php\/wp-json\/wp\/v2\/tags?post=617"}],"curies":[{"name":"wp","href":"https:\/\/api.w.org\/{rel}","templated":true}]}}