{"id":620,"date":"2024-05-17T11:01:31","date_gmt":"2024-05-17T14:01:31","guid":{"rendered":"https:\/\/elfaroonline.com.ar\/?p=620"},"modified":"2024-05-17T11:01:31","modified_gmt":"2024-05-17T14:01:31","slug":"catamarca-recibio-a-inversores-internacionales-para-instalar-un-laboratorio-de-salmuera-de-litio","status":"publish","type":"post","link":"https:\/\/elfaroonline.com.ar\/index.php\/2024\/05\/17\/catamarca-recibio-a-inversores-internacionales-para-instalar-un-laboratorio-de-salmuera-de-litio\/","title":{"rendered":"Catamarca recibi\u00f3 a inversores internacionales para instalar un laboratorio de salmuera de litio"},"content":{"rendered":"<p>La provincia recibi\u00f3 la visita de la empresa israel\u00ed XtraLit, representada por Simon Litsyn, cofundador y CEO, quien adem\u00e1s brindar una conferencia en la UNCA, particip\u00f3, acompa\u00f1ado por el vicegobrnador Rub\u00e9n Dusso, a cargo del Poder Ejecutivo, de una recorrida por el complejo industrial El Pantanillo as\u00ed como en la firma de convenios de cooperaci\u00f3n tecnol\u00f3gica.<\/p>\n<p>El vicegobernador brind\u00f3 la bienvenida a los visitantes asegurando que contar\u00e1n por parte del Gobierno con todo el apoyo necesario. &#8220;En conjunto se podr\u00e1 hace m\u00e1s y mejor miner\u00eda para el crecimiento de nuestra provincia, junto al desarrollo del valor agregado local que puede sumarse a la cadena productiva&#8221;, expres\u00f3 Dusso.<\/p>\n<p>Durante la recorrida por el complejo industrial, donde tambi\u00e9n participaron; el ministro de Industria, Comercio y Empleo, Sebasti\u00e1n Caria; y el director para Am\u00e9rica Latina de XtraLit, Gerardo Tyszberowicz; se explic\u00f3 que los planes de la empresa son los de instalar un laboratorio para el an\u00e1lisis de la salmuera que se obtiene de los procesos de extracci\u00f3n de litio, ya que esto significar\u00eda una ventaja en cuesti\u00f3n de tiempos y costos frente a la opci\u00f3n de enviar dicha salmuera a Israel para su an\u00e1lisis.<\/p>\n<p>Luego de la visita al complejo industrial, el vicegobernador y los representantes de la empresa participaron de una reuni\u00f3n donde acompa\u00f1ados por; el ministro de Miner\u00eda, Marcelo Mur\u00faa, el ministro de Ciencia e Innovaci\u00f3n tecnol\u00f3gica, Isauro Molina; la directora de CAMYEN, Susana Peralta; Natalia Dusso, subdirectora de CAMYEN; el director para Am\u00e9rica Latina de XtraLit, Gerardo Tyszberowicz; el l\u00edder de Proyectos de YPF Litio, Hern\u00e1n Mart\u00edn; Alejandro Pedrosa y Federico Lehman, de la empresa Prodismo S.R.L; se escucharon las ponencias realizadas tanto por las representantes de CAMYEN como por parte del Ministerio de Miner\u00eda .<\/p>\n<p>La misma visita fue propicia para que se lleve adelante la firma de un convenio de cooperaci\u00f3n tecnol\u00f3gica entre CAMYEN y la empresa Israel\u00ed, con la intenci\u00f3n de enfocarse en la cooperaci\u00f3n cient\u00edfica y la implementaci\u00f3n de tecnolog\u00eda de extracci\u00f3n directa de litio para salmueras de litio en la provincia de Catamarca, la investigaci\u00f3n y el desarrollo conjuntos, la formaci\u00f3n profesional de cient\u00edficos y el desarrollo de proyectos de valor agregado a largo plazo.<\/p>\n<p>La agenda de visita de la empresa continu\u00f3 por la tarde en la UNCa, donde Simon Litsyn brind\u00f3 una conferencia titulada &#8220;Tendencias en transici\u00f3n energ\u00e9tica global (rol estrat\u00e9gico del litio en el mundo que viene y rol protag\u00f3nico de la Argentina en este nuevo escenario global)&#8221;. En dicha conferencia, el conductor de la empresa israel\u00ed que visit\u00f3 la provincia hizo hincapi\u00e9 en la importancia del recurso del litio en la creciente demanda energ\u00e9tica por el uso extendido de la Inteligencia artificial as\u00ed como tambi\u00e9n en el desarrollo del litio y la electromovilidad como parte importante de la transici\u00f3n que el mundo est\u00e1 realizando hacia la utilizaci\u00f3n de energ\u00edas limpias.<\/p>\n<p><b>Sobre la empresa<\/b><\/p>\n<p>La firma, que naci\u00f3 en 2021 en Israel, adquiri\u00f3 experiencia en la extracci\u00f3n directa de litio en el Mar Muerto, que tiene una concentraci\u00f3n muy baja del mineral -solo 20 ppm, es decir, 20 gramos cada 1000 litros-. XtraLit indic\u00f3 que incluso puede extraer litio de fuentes acuosas con concentraciones &#8220;tan bajas como 5 ppm de una manera econ\u00f3micamente viable y respetuosa con el medio ambiente&#8221;.<\/p>\n<p>El proyecto de XtraLit pretende &#8220;expandir las fronteras del litio argentino&#8221;, mediante la puesta en producci\u00f3n de salares que actualmente no son econ\u00f3micamente viables, como as\u00ed tambi\u00e9n la extracci\u00f3n de litio contenido &#8220;en el agua producida de petr\u00f3leo y gas, o de salmueras geot\u00e9rmicas&#8221;, indic\u00f3 la empresa en un comunicado.<\/p>\n<p>Litsyn expres\u00f3 su entusiasmo por la Argentina afirmando que &#8220;la combinaci\u00f3n del gran potencial argentino con los resultados excepcionales que nuestra tecnolog\u00eda ha demostrado en salares de relativamente baja concentraci\u00f3n en Salta y Catamarca nos ha impulsado a invertir nuestra tecnolog\u00eda y capital en el pa\u00eds&#8221;.<\/p>\n<p><b><br \/>\nSobre su CEO<\/b><\/p>\n<p>Sim\u00f3n Litzin es un empresario e ingeniero recibido en la Universidad de Tel Aviv (Israel), quien se desempe\u00f1\u00f3 tambi\u00e9n como educador, investigador, ingeniero y emprendedor en Energ\u00eda Electr\u00f3nica, Almacenamiento y Comunicaciones.Nos reunimos junto a representantes de la empresa Agritec SRL. dedicada a la comercializaci\u00f3n de fertilizantes l\u00edquidos en Venado Tuerto, para conversar acerca del proyecto que la firma tiene para radicarse en Catamarca y comenzar a producir y comercializar sus productos.<\/p>\n<p>La empresa busca hacer una integraci\u00f3n vertical de productos utilizando materia prima de la zona minera de Catamarca para sustituir importaciones y generar insumos localmente.<\/p>\n","protected":false},"excerpt":{"rendered":"<p>La provincia recibi\u00f3 la visita de la empresa israel\u00ed XtraLit, representada por Simon Litsyn, cofundador y CEO, quien adem\u00e1s brindar una conferencia en la UNCA, particip\u00f3, acompa\u00f1ado por el vicegobrnador Rub\u00e9n Dusso, a cargo del Poder Ejecutivo, de una recorrida por el complejo industrial El Pantanillo as\u00ed como en la firma de convenios de cooperaci\u00f3n [&hellip;]<\/p>\n","protected":false},"author":2,"featured_media":621,"comment_status":"open","ping_status":"open","sticky":false,"template":"","format":"standard","meta":{"footnotes":""},"categories":[23,21],"tags":[],"class_list":{"0":"post-620","1":"post","2":"type-post","3":"status-publish","4":"format-standard","5":"has-post-thumbnail","7":"category-destacados","8":"category-politica"},"aioseo_notices":[],"_links":{"self":[{"href":"https:\/\/elfaroonline.com.ar\/index.php\/wp-json\/wp\/v2\/posts\/620","targetHints":{"allow":["GET"]}}],"collection":[{"href":"https:\/\/elfaroonline.com.ar\/index.php\/wp-json\/wp\/v2\/posts"}],"about":[{"href":"https:\/\/elfaroonline.com.ar\/index.php\/wp-json\/wp\/v2\/types\/post"}],"author":[{"embeddable":true,"href":"https:\/\/elfaroonline.com.ar\/index.php\/wp-json\/wp\/v2\/users\/2"}],"replies":[{"embeddable":true,"href":"https:\/\/elfaroonline.com.ar\/index.php\/wp-json\/wp\/v2\/comments?post=620"}],"version-history":[{"count":1,"href":"https:\/\/elfaroonline.com.ar\/index.php\/wp-json\/wp\/v2\/posts\/620\/revisions"}],"predecessor-version":[{"id":622,"href":"https:\/\/elfaroonline.com.ar\/index.php\/wp-json\/wp\/v2\/posts\/620\/revisions\/622"}],"wp:featuredmedia":[{"embeddable":true,"href":"https:\/\/elfaroonline.com.ar\/index.php\/wp-json\/wp\/v2\/media\/621"}],"wp:attachment":[{"href":"https:\/\/elfaroonline.com.ar\/index.php\/wp-json\/wp\/v2\/media?parent=620"}],"wp:term":[{"taxonomy":"category","embeddable":true,"href":"https:\/\/elfaroonline.com.ar\/index.php\/wp-json\/wp\/v2\/categories?post=620"},{"taxonomy":"post_tag","embeddable":true,"href":"https:\/\/elfaroonline.com.ar\/index.php\/wp-json\/wp\/v2\/tags?post=620"}],"curies":[{"name":"wp","href":"https:\/\/api.w.org\/{rel}","templated":true}]}}