{"id":626,"date":"2024-05-17T11:06:33","date_gmt":"2024-05-17T14:06:33","guid":{"rendered":"https:\/\/elfaroonline.com.ar\/?p=626"},"modified":"2024-05-17T11:06:33","modified_gmt":"2024-05-17T14:06:33","slug":"artesanos-locales-promovieron-sus-tejidos-en-el-dicasterio-de-desarrollo-humano-integral-del-vaticano","status":"publish","type":"post","link":"https:\/\/elfaroonline.com.ar\/index.php\/2024\/05\/17\/artesanos-locales-promovieron-sus-tejidos-en-el-dicasterio-de-desarrollo-humano-integral-del-vaticano\/","title":{"rendered":"Artesanos locales promovieron sus tejidos en el Dicasterio de Desarrollo Humano Integral del Vaticano"},"content":{"rendered":"<p class=\"v1MsoNormal\">En el marco de la misi\u00f3n a Italia para promover nuestra artesan\u00eda en hilo, la Ruta del Telar fue presentada ante los responsables del Dicasterio para el Desarrollo Humano Integral, que depende de la Santa Sede, con el objetivo de promover nuevas alianzas de cooperaci\u00f3n para seguir fortaleciendo las capacidades de los artesanos catamarque\u00f1os.<\/p>\n<p class=\"v1MsoNormal\">En el encuentro participaron los artesanos de la Ruta del Telar, el cacique de la comunidad de La Angostura, Bernardo Guti\u00e9rrez, junto a la secretar\u00eda de Planificaci\u00f3n e Inversi\u00f3n P\u00fablica, Tania Schols, y la responsable de la Diplomatura de Tejido en Telar, Gabriela \u00c1vila. Adem\u00e1s, fueron acompa\u00f1ados por Florencia Marchesi de la Embajada Argentina ante el Vaticano.<\/p>\n<p class=\"v1MsoNormal\">Los miembros de la comitiva catamarque\u00f1a fueron recibidos en el Palazzo San Calisto por Sor Alessandra Smerilli, secretaria Dicasterio para el Desarrollo Humano Integral; el Padre Patricio Sarlat Flores, secretario de la Secci\u00f3n Investigaci\u00f3n y Reflexi\u00f3n; Padre Flavio Laur\u00eda de la Secci\u00f3n Escucha y Di\u00e1logo y el Padre Fabio Baggio, subsecretario para la Secci\u00f3n Migrantes y Refugiados.<\/p>\n<p class=\"v1MsoNormal\">Este importante encuentro tuvo por objetivo presentar el trabajo que los artesanos y emprendedores realizan en el marco del proyecto Ruta del Telar, a fin de promover nuevos ejes de cooperaci\u00f3n para continuar fortaleciendo las capacidades de los actores comunitarios que integran el proyecto.<\/p>\n<p class=\"v1MsoNormal\">La Ruta del Telar es una propuesta tur\u00edstica que une 12 localidades de la provincia y suma a m\u00e1s de 300 artesanos que se dedican al tejido tradicional en telar criollo.<\/p>\n","protected":false},"excerpt":{"rendered":"<p>En el marco de la misi\u00f3n a Italia para promover nuestra artesan\u00eda en hilo, la Ruta del Telar fue presentada ante los responsables del Dicasterio para el Desarrollo Humano Integral, que depende de la Santa Sede, con el objetivo de promover nuevas alianzas de cooperaci\u00f3n para seguir fortaleciendo las capacidades de los artesanos catamarque\u00f1os. En [&hellip;]<\/p>\n","protected":false},"author":2,"featured_media":627,"comment_status":"open","ping_status":"open","sticky":false,"template":"","format":"standard","meta":{"footnotes":""},"categories":[23,20],"tags":[],"class_list":{"0":"post-626","1":"post","2":"type-post","3":"status-publish","4":"format-standard","5":"has-post-thumbnail","7":"category-destacados","8":"category-sociedad"},"aioseo_notices":[],"_links":{"self":[{"href":"https:\/\/elfaroonline.com.ar\/index.php\/wp-json\/wp\/v2\/posts\/626","targetHints":{"allow":["GET"]}}],"collection":[{"href":"https:\/\/elfaroonline.com.ar\/index.php\/wp-json\/wp\/v2\/posts"}],"about":[{"href":"https:\/\/elfaroonline.com.ar\/index.php\/wp-json\/wp\/v2\/types\/post"}],"author":[{"embeddable":true,"href":"https:\/\/elfaroonline.com.ar\/index.php\/wp-json\/wp\/v2\/users\/2"}],"replies":[{"embeddable":true,"href":"https:\/\/elfaroonline.com.ar\/index.php\/wp-json\/wp\/v2\/comments?post=626"}],"version-history":[{"count":1,"href":"https:\/\/elfaroonline.com.ar\/index.php\/wp-json\/wp\/v2\/posts\/626\/revisions"}],"predecessor-version":[{"id":628,"href":"https:\/\/elfaroonline.com.ar\/index.php\/wp-json\/wp\/v2\/posts\/626\/revisions\/628"}],"wp:featuredmedia":[{"embeddable":true,"href":"https:\/\/elfaroonline.com.ar\/index.php\/wp-json\/wp\/v2\/media\/627"}],"wp:attachment":[{"href":"https:\/\/elfaroonline.com.ar\/index.php\/wp-json\/wp\/v2\/media?parent=626"}],"wp:term":[{"taxonomy":"category","embeddable":true,"href":"https:\/\/elfaroonline.com.ar\/index.php\/wp-json\/wp\/v2\/categories?post=626"},{"taxonomy":"post_tag","embeddable":true,"href":"https:\/\/elfaroonline.com.ar\/index.php\/wp-json\/wp\/v2\/tags?post=626"}],"curies":[{"name":"wp","href":"https:\/\/api.w.org\/{rel}","templated":true}]}}