{"id":633,"date":"2024-05-18T11:30:44","date_gmt":"2024-05-18T14:30:44","guid":{"rendered":"https:\/\/elfaroonline.com.ar\/?p=633"},"modified":"2024-05-18T11:30:44","modified_gmt":"2024-05-18T14:30:44","slug":"se-realizo-la-tercera-mesa-provincial-de-diversidad","status":"publish","type":"post","link":"https:\/\/elfaroonline.com.ar\/index.php\/2024\/05\/18\/se-realizo-la-tercera-mesa-provincial-de-diversidad\/","title":{"rendered":"Se realiz\u00f3 la Tercera Mesa Provincial de Diversidad"},"content":{"rendered":"<p class=\"v1MsoNormal\">Ayer, en el marco del D\u00eda Internacional de la Lucha contra la Discriminaci\u00f3n por Orientaci\u00f3n Sexual e Identidad de G\u00e9nero, el \u00e1rea de Diversidad de la Direcci\u00f3n de Mujeres, G\u00e9nero y Diversidad del Ministerio de Gobierno, Justicia y Derechos Humanos llev\u00f3 a cabo la Tercera Mesa Provincial de Diversidad en Chumbicha, Capay\u00e1n.<\/p>\n<p class=\"v1MsoNormal\">En el evento, Blasia G\u00f3mez Reynoso, referente provincial del grupo de diversidad sexual, destac\u00f3 los logros obtenidos a trav\u00e9s de largos procesos y luchas, tales como las leyes de Identidad de G\u00e9nero y de Matrimonio Igualitario. &#8220;La orientaci\u00f3n sexual es algo tan \u00edntimo y tan privado&#8221;, afirm\u00f3. Adem\u00e1s, durante la charla se enfatiz\u00f3 la importancia del respeto hacia los dem\u00e1s, subrayando que &#8220;ac\u00e1 somos todos iguales&#8221;.<\/p>\n<p class=\"v1MsoNormal\">El 17 de mayo de 1990 es una fecha emblem\u00e1tica, ya que la Organizaci\u00f3n Mundial de la Salud (OMS) elimin\u00f3 la homosexualidad de su clasificaci\u00f3n de enfermedades mentales. Este hito en el reconocimiento de la diversidad dio lugar a la celebraci\u00f3n del D\u00eda Internacional de la Lucha contra la Discriminaci\u00f3n por Orientaci\u00f3n Sexual e Identidad de G\u00e9nero.<\/p>\n","protected":false},"excerpt":{"rendered":"<p>Ayer, en el marco del D\u00eda Internacional de la Lucha contra la Discriminaci\u00f3n por Orientaci\u00f3n Sexual e Identidad de G\u00e9nero, el \u00e1rea de Diversidad de la Direcci\u00f3n de Mujeres, G\u00e9nero y Diversidad del Ministerio de Gobierno, Justicia y Derechos Humanos llev\u00f3 a cabo la Tercera Mesa Provincial de Diversidad en Chumbicha, Capay\u00e1n. En el evento, [&hellip;]<\/p>\n","protected":false},"author":2,"featured_media":634,"comment_status":"open","ping_status":"open","sticky":false,"template":"","format":"standard","meta":{"footnotes":""},"categories":[23,20],"tags":[],"class_list":{"0":"post-633","1":"post","2":"type-post","3":"status-publish","4":"format-standard","5":"has-post-thumbnail","7":"category-destacados","8":"category-sociedad"},"aioseo_notices":[],"aioseo_head":"\n\t\t<!-- All in One SEO 5.0.0.1 - aioseo.com -->\n\t<meta name=\"description\" content=\"Ayer, en el marco del D\u00eda Internacional de la Lucha contra la Discriminaci\u00f3n por Orientaci\u00f3n Sexual e Identidad de G\u00e9nero, el \u00e1rea de Diversidad de la Direcci\u00f3n de Mujeres, G\u00e9nero y Diversidad del Ministerio de Gobierno, Justicia y Derechos Humanos llev\u00f3 a cabo la Tercera Mesa Provincial de Diversidad en Chumbicha, Capay\u00e1n.\" \/>\n\t<meta name=\"robots\" content=\"max-image-preview:large\" \/>\n\t<meta name=\"author\" content=\"El Faro Online\"\/>\n\t<link rel=\"canonical\" href=\"https:\/\/elfaroonline.com.ar\/index.php\/2024\/05\/18\/se-realizo-la-tercera-mesa-provincial-de-diversidad\/\" \/>\n\t<meta name=\"generator\" content=\"All in One SEO (AIOSEO) 5.0.0.1\" \/>\n\t\t<meta property=\"og:locale\" content=\"es_ES\" \/>\n\t\t<meta property=\"og:site_name\" content=\"elfaroonline.com.ar -\" \/>\n\t\t<meta property=\"og:type\" content=\"article\" \/>\n\t\t<meta property=\"og:title\" content=\"Se realiz\u00f3 la Tercera Mesa Provincial de Diversidad\" \/>\n\t\t<meta property=\"og:description\" content=\"Ayer, en el marco del D\u00eda Internacional de la Lucha contra la Discriminaci\u00f3n por Orientaci\u00f3n Sexual e Identidad de G\u00e9nero, el \u00e1rea de Diversidad de la Direcci\u00f3n de Mujeres, G\u00e9nero y Diversidad del Ministerio de Gobierno, Justicia y Derechos Humanos llev\u00f3 a cabo la Tercera Mesa Provincial de Diversidad en Chumbicha, Capay\u00e1n.\" \/>\n\t\t<meta property=\"og:url\" content=\"https:\/\/elfaroonline.com.ar\/index.php\/2024\/05\/18\/se-realizo-la-tercera-mesa-provincial-de-diversidad\/\" \/>\n\t\t<meta property=\"article:published_time\" content=\"2024-05-18T14:30:44+00:00\" \/>\n\t\t<meta property=\"article:modified_time\" content=\"2024-05-18T14:30:44+00:00\" \/>\n\t\t<meta name=\"twitter:card\" content=\"summary_large_image\" \/>\n\t\t<meta name=\"twitter:title\" content=\"Se realiz\u00f3 la Tercera Mesa Provincial de Diversidad\" \/>\n\t\t<meta name=\"twitter:description\" content=\"Ayer, en el marco del D\u00eda Internacional de la Lucha contra la Discriminaci\u00f3n por Orientaci\u00f3n Sexual e Identidad de G\u00e9nero, el \u00e1rea de Diversidad de la Direcci\u00f3n de Mujeres, G\u00e9nero y Diversidad del Ministerio de Gobierno, Justicia y Derechos Humanos llev\u00f3 a cabo la Tercera Mesa Provincial de Diversidad en Chumbicha, Capay\u00e1n.\" \/>\n\t\t<script type=\"application\/ld+json\" class=\"aioseo-schema\">\n\t\t\t{\"@context\":\"https:\\\/\\\/schema.org\",\"@graph\":[{\"@type\":\"BlogPosting\",\"@id\":\"https:\\\/\\\/elfaroonline.com.ar\\\/index.php\\\/2024\\\/05\\\/18\\\/se-realizo-la-tercera-mesa-provincial-de-diversidad\\\/#blogposting\",\"name\":\"Se realiz\\u00f3 la Tercera Mesa Provincial de Diversidad\",\"headline\":\"Se realiz\\u00f3 la Tercera Mesa Provincial de Diversidad\",\"author\":{\"@id\":\"https:\\\/\\\/elfaroonline.com.ar\\\/index.php\\\/author\\\/elfaro\\\/#author\"},\"publisher\":{\"@id\":\"https:\\\/\\\/elfaroonline.com.ar\\\/#organization\"},\"image\":{\"@type\":\"ImageObject\",\"url\":\"https:\\\/\\\/elfaroonline.com.ar\\\/wp-content\\\/uploads\\\/2024\\\/05\\\/Mesa-Provincial-de-Diversidad-1.jpg\",\"width\":1600,\"height\":1200},\"datePublished\":\"2024-05-18T11:30:44-03:00\",\"dateModified\":\"2024-05-18T11:30:44-03:00\",\"inLanguage\":\"es-AR\",\"mainEntityOfPage\":{\"@id\":\"https:\\\/\\\/elfaroonline.com.ar\\\/index.php\\\/2024\\\/05\\\/18\\\/se-realizo-la-tercera-mesa-provincial-de-diversidad\\\/#webpage\"},\"isPartOf\":{\"@id\":\"https:\\\/\\\/elfaroonline.com.ar\\\/index.php\\\/2024\\\/05\\\/18\\\/se-realizo-la-tercera-mesa-provincial-de-diversidad\\\/#webpage\"},\"articleSection\":\"Destacados, Sociedad\"},{\"@type\":\"BreadcrumbList\",\"@id\":\"https:\\\/\\\/elfaroonline.com.ar\\\/index.php\\\/2024\\\/05\\\/18\\\/se-realizo-la-tercera-mesa-provincial-de-diversidad\\\/#breadcrumblist\",\"itemListElement\":[{\"@type\":\"ListItem\",\"@id\":\"https:\\\/\\\/elfaroonline.com.ar#listItem\",\"position\":1,\"name\":\"Home\",\"item\":\"https:\\\/\\\/elfaroonline.com.ar\",\"nextItem\":{\"@type\":\"ListItem\",\"@id\":\"https:\\\/\\\/elfaroonline.com.ar\\\/index.php\\\/category\\\/sociedad\\\/#listItem\",\"name\":\"Sociedad\"}},{\"@type\":\"ListItem\",\"@id\":\"https:\\\/\\\/elfaroonline.com.ar\\\/index.php\\\/category\\\/sociedad\\\/#listItem\",\"position\":2,\"name\":\"Sociedad\",\"item\":\"https:\\\/\\\/elfaroonline.com.ar\\\/index.php\\\/category\\\/sociedad\\\/\",\"nextItem\":{\"@type\":\"ListItem\",\"@id\":\"https:\\\/\\\/elfaroonline.com.ar\\\/index.php\\\/2024\\\/05\\\/18\\\/se-realizo-la-tercera-mesa-provincial-de-diversidad\\\/#listItem\",\"name\":\"Se realiz\\u00f3 la Tercera Mesa Provincial de Diversidad\"},\"previousItem\":{\"@type\":\"ListItem\",\"@id\":\"https:\\\/\\\/elfaroonline.com.ar#listItem\",\"name\":\"Home\"}},{\"@type\":\"ListItem\",\"@id\":\"https:\\\/\\\/elfaroonline.com.ar\\\/index.php\\\/2024\\\/05\\\/18\\\/se-realizo-la-tercera-mesa-provincial-de-diversidad\\\/#listItem\",\"position\":3,\"name\":\"Se realiz\\u00f3 la Tercera Mesa Provincial de Diversidad\",\"previousItem\":{\"@type\":\"ListItem\",\"@id\":\"https:\\\/\\\/elfaroonline.com.ar\\\/index.php\\\/category\\\/sociedad\\\/#listItem\",\"name\":\"Sociedad\"}}]},{\"@type\":\"Organization\",\"@id\":\"https:\\\/\\\/elfaroonline.com.ar\\\/#organization\",\"name\":\"elfaroonline.com.ar\",\"url\":\"https:\\\/\\\/elfaroonline.com.ar\\\/\"},{\"@type\":\"Person\",\"@id\":\"https:\\\/\\\/elfaroonline.com.ar\\\/index.php\\\/author\\\/elfaro\\\/#author\",\"url\":\"https:\\\/\\\/elfaroonline.com.ar\\\/index.php\\\/author\\\/elfaro\\\/\",\"name\":\"El Faro Online\",\"image\":{\"@type\":\"ImageObject\",\"@id\":\"https:\\\/\\\/elfaroonline.com.ar\\\/index.php\\\/2024\\\/05\\\/18\\\/se-realizo-la-tercera-mesa-provincial-de-diversidad\\\/#authorImage\",\"url\":\"https:\\\/\\\/secure.gravatar.com\\\/avatar\\\/97dc46c3711deda1040382679fc31e66bb0f67b30b6dec3feea788d18888f5f7?s=96&d=mm&r=g\",\"width\":96,\"height\":96,\"caption\":\"El Faro Online\"}},{\"@type\":\"WebPage\",\"@id\":\"https:\\\/\\\/elfaroonline.com.ar\\\/index.php\\\/2024\\\/05\\\/18\\\/se-realizo-la-tercera-mesa-provincial-de-diversidad\\\/#webpage\",\"url\":\"https:\\\/\\\/elfaroonline.com.ar\\\/index.php\\\/2024\\\/05\\\/18\\\/se-realizo-la-tercera-mesa-provincial-de-diversidad\\\/\",\"name\":\"Se realiz\\u00f3 la Tercera Mesa Provincial de Diversidad\",\"description\":\"Ayer, en el marco del D\\u00eda Internacional de la Lucha contra la Discriminaci\\u00f3n por Orientaci\\u00f3n Sexual e Identidad de G\\u00e9nero, el \\u00e1rea de Diversidad de la Direcci\\u00f3n de Mujeres, G\\u00e9nero y Diversidad del Ministerio de Gobierno, Justicia y Derechos Humanos llev\\u00f3 a cabo la Tercera Mesa Provincial de Diversidad en Chumbicha, Capay\\u00e1n.\",\"inLanguage\":\"es-AR\",\"isPartOf\":{\"@id\":\"https:\\\/\\\/elfaroonline.com.ar\\\/#website\"},\"breadcrumb\":{\"@id\":\"https:\\\/\\\/elfaroonline.com.ar\\\/index.php\\\/2024\\\/05\\\/18\\\/se-realizo-la-tercera-mesa-provincial-de-diversidad\\\/#breadcrumblist\"},\"author\":{\"@id\":\"https:\\\/\\\/elfaroonline.com.ar\\\/index.php\\\/author\\\/elfaro\\\/#author\"},\"creator\":{\"@id\":\"https:\\\/\\\/elfaroonline.com.ar\\\/index.php\\\/author\\\/elfaro\\\/#author\"},\"image\":{\"@type\":\"ImageObject\",\"url\":\"https:\\\/\\\/elfaroonline.com.ar\\\/wp-content\\\/uploads\\\/2024\\\/05\\\/Mesa-Provincial-de-Diversidad-1.jpg\",\"@id\":\"https:\\\/\\\/elfaroonline.com.ar\\\/index.php\\\/2024\\\/05\\\/18\\\/se-realizo-la-tercera-mesa-provincial-de-diversidad\\\/#mainImage\",\"width\":1600,\"height\":1200},\"primaryImageOfPage\":{\"@id\":\"https:\\\/\\\/elfaroonline.com.ar\\\/index.php\\\/2024\\\/05\\\/18\\\/se-realizo-la-tercera-mesa-provincial-de-diversidad\\\/#mainImage\"},\"datePublished\":\"2024-05-18T11:30:44-03:00\",\"dateModified\":\"2024-05-18T11:30:44-03:00\"},{\"@type\":\"WebSite\",\"@id\":\"https:\\\/\\\/elfaroonline.com.ar\\\/#website\",\"url\":\"https:\\\/\\\/elfaroonline.com.ar\\\/\",\"name\":\"elfaroonline.com.ar\",\"inLanguage\":\"es-AR\",\"publisher\":{\"@id\":\"https:\\\/\\\/elfaroonline.com.ar\\\/#organization\"}}]}\n\t\t<\/script>\n\t\t<!-- All in One SEO -->\n\n","aioseo_head_json":{"title":"Se realiz\u00f3 la Tercera Mesa Provincial de Diversidad","description":"Ayer, en el marco del D\u00eda Internacional de la Lucha contra la Discriminaci\u00f3n por Orientaci\u00f3n Sexual e Identidad de G\u00e9nero, el \u00e1rea de Diversidad de la Direcci\u00f3n de Mujeres, G\u00e9nero y Diversidad del Ministerio de Gobierno, Justicia y Derechos Humanos llev\u00f3 a cabo la Tercera Mesa Provincial de Diversidad en Chumbicha, Capay\u00e1n.","canonical_url":"https:\/\/elfaroonline.com.ar\/index.php\/2024\/05\/18\/se-realizo-la-tercera-mesa-provincial-de-diversidad\/","robots":"max-image-preview:large","keywords":"","webmasterTools":{"miscellaneous":""},"schema":{"@context":"https:\/\/schema.org","@graph":[{"@type":"BlogPosting","@id":"https:\/\/elfaroonline.com.ar\/index.php\/2024\/05\/18\/se-realizo-la-tercera-mesa-provincial-de-diversidad\/#blogposting","name":"Se realiz\u00f3 la Tercera Mesa Provincial de Diversidad","headline":"Se realiz\u00f3 la Tercera Mesa Provincial de Diversidad","author":{"@id":"https:\/\/elfaroonline.com.ar\/index.php\/author\/elfaro\/#author"},"publisher":{"@id":"https:\/\/elfaroonline.com.ar\/#organization"},"image":{"@type":"ImageObject","url":"https:\/\/elfaroonline.com.ar\/wp-content\/uploads\/2024\/05\/Mesa-Provincial-de-Diversidad-1.jpg","width":1600,"height":1200},"datePublished":"2024-05-18T11:30:44-03:00","dateModified":"2024-05-18T11:30:44-03:00","inLanguage":"es-AR","mainEntityOfPage":{"@id":"https:\/\/elfaroonline.com.ar\/index.php\/2024\/05\/18\/se-realizo-la-tercera-mesa-provincial-de-diversidad\/#webpage"},"isPartOf":{"@id":"https:\/\/elfaroonline.com.ar\/index.php\/2024\/05\/18\/se-realizo-la-tercera-mesa-provincial-de-diversidad\/#webpage"},"articleSection":"Destacados, Sociedad"},{"@type":"BreadcrumbList","@id":"https:\/\/elfaroonline.com.ar\/index.php\/2024\/05\/18\/se-realizo-la-tercera-mesa-provincial-de-diversidad\/#breadcrumblist","itemListElement":[{"@type":"ListItem","@id":"https:\/\/elfaroonline.com.ar#listItem","position":1,"name":"Home","item":"https:\/\/elfaroonline.com.ar","nextItem":{"@type":"ListItem","@id":"https:\/\/elfaroonline.com.ar\/index.php\/category\/sociedad\/#listItem","name":"Sociedad"}},{"@type":"ListItem","@id":"https:\/\/elfaroonline.com.ar\/index.php\/category\/sociedad\/#listItem","position":2,"name":"Sociedad","item":"https:\/\/elfaroonline.com.ar\/index.php\/category\/sociedad\/","nextItem":{"@type":"ListItem","@id":"https:\/\/elfaroonline.com.ar\/index.php\/2024\/05\/18\/se-realizo-la-tercera-mesa-provincial-de-diversidad\/#listItem","name":"Se realiz\u00f3 la Tercera Mesa Provincial de Diversidad"},"previousItem":{"@type":"ListItem","@id":"https:\/\/elfaroonline.com.ar#listItem","name":"Home"}},{"@type":"ListItem","@id":"https:\/\/elfaroonline.com.ar\/index.php\/2024\/05\/18\/se-realizo-la-tercera-mesa-provincial-de-diversidad\/#listItem","position":3,"name":"Se realiz\u00f3 la Tercera Mesa Provincial de Diversidad","previousItem":{"@type":"ListItem","@id":"https:\/\/elfaroonline.com.ar\/index.php\/category\/sociedad\/#listItem","name":"Sociedad"}}]},{"@type":"Organization","@id":"https:\/\/elfaroonline.com.ar\/#organization","name":"elfaroonline.com.ar","url":"https:\/\/elfaroonline.com.ar\/"},{"@type":"Person","@id":"https:\/\/elfaroonline.com.ar\/index.php\/author\/elfaro\/#author","url":"https:\/\/elfaroonline.com.ar\/index.php\/author\/elfaro\/","name":"El Faro Online","image":{"@type":"ImageObject","@id":"https:\/\/elfaroonline.com.ar\/index.php\/2024\/05\/18\/se-realizo-la-tercera-mesa-provincial-de-diversidad\/#authorImage","url":"https:\/\/secure.gravatar.com\/avatar\/97dc46c3711deda1040382679fc31e66bb0f67b30b6dec3feea788d18888f5f7?s=96&d=mm&r=g","width":96,"height":96,"caption":"El Faro Online"}},{"@type":"WebPage","@id":"https:\/\/elfaroonline.com.ar\/index.php\/2024\/05\/18\/se-realizo-la-tercera-mesa-provincial-de-diversidad\/#webpage","url":"https:\/\/elfaroonline.com.ar\/index.php\/2024\/05\/18\/se-realizo-la-tercera-mesa-provincial-de-diversidad\/","name":"Se realiz\u00f3 la Tercera Mesa Provincial de Diversidad","description":"Ayer, en el marco del D\u00eda Internacional de la Lucha contra la Discriminaci\u00f3n por Orientaci\u00f3n Sexual e Identidad de G\u00e9nero, el \u00e1rea de Diversidad de la Direcci\u00f3n de Mujeres, G\u00e9nero y Diversidad del Ministerio de Gobierno, Justicia y Derechos Humanos llev\u00f3 a cabo la Tercera Mesa Provincial de Diversidad en Chumbicha, Capay\u00e1n.","inLanguage":"es-AR","isPartOf":{"@id":"https:\/\/elfaroonline.com.ar\/#website"},"breadcrumb":{"@id":"https:\/\/elfaroonline.com.ar\/index.php\/2024\/05\/18\/se-realizo-la-tercera-mesa-provincial-de-diversidad\/#breadcrumblist"},"author":{"@id":"https:\/\/elfaroonline.com.ar\/index.php\/author\/elfaro\/#author"},"creator":{"@id":"https:\/\/elfaroonline.com.ar\/index.php\/author\/elfaro\/#author"},"image":{"@type":"ImageObject","url":"https:\/\/elfaroonline.com.ar\/wp-content\/uploads\/2024\/05\/Mesa-Provincial-de-Diversidad-1.jpg","@id":"https:\/\/elfaroonline.com.ar\/index.php\/2024\/05\/18\/se-realizo-la-tercera-mesa-provincial-de-diversidad\/#mainImage","width":1600,"height":1200},"primaryImageOfPage":{"@id":"https:\/\/elfaroonline.com.ar\/index.php\/2024\/05\/18\/se-realizo-la-tercera-mesa-provincial-de-diversidad\/#mainImage"},"datePublished":"2024-05-18T11:30:44-03:00","dateModified":"2024-05-18T11:30:44-03:00"},{"@type":"WebSite","@id":"https:\/\/elfaroonline.com.ar\/#website","url":"https:\/\/elfaroonline.com.ar\/","name":"elfaroonline.com.ar","inLanguage":"es-AR","publisher":{"@id":"https:\/\/elfaroonline.com.ar\/#organization"}}]},"og:locale":"es_ES","og:site_name":"elfaroonline.com.ar -","og:type":"article","og:title":"Se realiz\u00f3 la Tercera Mesa Provincial de Diversidad","og:description":"Ayer, en el marco del D\u00eda Internacional de la Lucha contra la Discriminaci\u00f3n por Orientaci\u00f3n Sexual e Identidad de G\u00e9nero, el \u00e1rea de Diversidad de la Direcci\u00f3n de Mujeres, G\u00e9nero y Diversidad del Ministerio de Gobierno, Justicia y Derechos Humanos llev\u00f3 a cabo la Tercera Mesa Provincial de Diversidad en Chumbicha, Capay\u00e1n.","og:url":"https:\/\/elfaroonline.com.ar\/index.php\/2024\/05\/18\/se-realizo-la-tercera-mesa-provincial-de-diversidad\/","article:published_time":"2024-05-18T14:30:44+00:00","article:modified_time":"2024-05-18T14:30:44+00:00","twitter:card":"summary_large_image","twitter:title":"Se realiz\u00f3 la Tercera Mesa Provincial de Diversidad","twitter:description":"Ayer, en el marco del D\u00eda Internacional de la Lucha contra la Discriminaci\u00f3n por Orientaci\u00f3n Sexual e Identidad de G\u00e9nero, el \u00e1rea de Diversidad de la Direcci\u00f3n de Mujeres, G\u00e9nero y Diversidad del Ministerio de Gobierno, Justicia y Derechos Humanos llev\u00f3 a cabo la Tercera Mesa Provincial de Diversidad en Chumbicha, Capay\u00e1n."},"aioseo_meta_data":{"post_id":"633","title":"Se realiz\u00f3 la Tercera Mesa Provincial de Diversidad","description":"Ayer, en el marco del D\u00eda Internacional de la Lucha contra la Discriminaci\u00f3n por Orientaci\u00f3n Sexual e Identidad de G\u00e9nero, el \u00e1rea de Diversidad de la Direcci\u00f3n de Mujeres, G\u00e9nero y Diversidad del Ministerio de Gobierno, Justicia y Derechos Humanos llev\u00f3 a cabo la Tercera Mesa Provincial de Diversidad en Chumbicha, Capay\u00e1n.","keywords":null,"keyphrases":{"focus":{"keyphrase":"","score":0,"analysis":{"keyphraseInTitle":{"score":0,"maxScore":9,"error":1}}},"additional":[]},"primary_term":null,"canonical_url":null,"og_title":null,"og_description":null,"og_object_type":"default","og_image_type":"default","og_image_url":null,"og_image_width":null,"og_image_height":null,"og_image_custom_url":null,"og_image_custom_fields":null,"og_video":"","og_custom_url":null,"og_article_section":null,"og_article_tags":null,"twitter_use_og":false,"twitter_card":"default","twitter_image_type":"default","twitter_image_url":null,"twitter_image_custom_url":null,"twitter_image_custom_fields":null,"twitter_title":null,"twitter_description":null,"schema":{"blockGraphs":[],"customGraphs":[],"default":{"data":{"Article":[],"Course":[],"Dataset":[],"FAQPage":[],"Movie":[],"Person":[],"Product":[],"ProductReview":[],"Car":[],"Recipe":[],"Service":[],"SoftwareApplication":[],"WebPage":[]},"graphName":"BlogPosting","isEnabled":true},"graphs":[]},"schema_type":"default","schema_type_options":null,"pillar_content":false,"robots_default":true,"robots_noindex":false,"robots_noarchive":false,"robots_nosnippet":false,"robots_nofollow":false,"robots_noimageindex":false,"robots_noodp":false,"robots_notranslate":false,"robots_max_snippet":"-1","robots_max_videopreview":"-1","robots_max_imagepreview":"large","priority":null,"frequency":"default","local_seo":null,"breadcrumb_settings":null,"limit_modified_date":false,"ai":null,"created":"2024-05-18 14:30:44","updated":"2025-07-15 22:35:20","seo_analyzer_scan_date":null,"focus_keyword":null,"additional_keywords":null,"truseo_locale":null},"aioseo_breadcrumb":"<div class=\"aioseo-breadcrumbs\"><span class=\"aioseo-breadcrumb\">\n\t\t\t<a href=\"https:\/\/elfaroonline.com.ar\" title=\"Home\">Home<\/a>\n\t\t<\/span><span class=\"aioseo-breadcrumb-separator\">&raquo;<\/span><span class=\"aioseo-breadcrumb\">\n\t\t\t<a href=\"https:\/\/elfaroonline.com.ar\/index.php\/category\/sociedad\/\" title=\"Sociedad\">Sociedad<\/a>\n\t\t<\/span><span class=\"aioseo-breadcrumb-separator\">&raquo;<\/span><span class=\"aioseo-breadcrumb\">\n\t\t\tSe realiz\u00f3 la Tercera Mesa Provincial de Diversidad\n\t\t<\/span><\/div>","aioseo_breadcrumb_json":[{"label":"Home","link":"https:\/\/elfaroonline.com.ar"},{"label":"Sociedad","link":"https:\/\/elfaroonline.com.ar\/index.php\/category\/sociedad\/"},{"label":"Se realiz\u00f3 la Tercera Mesa Provincial de Diversidad","link":"https:\/\/elfaroonline.com.ar\/index.php\/2024\/05\/18\/se-realizo-la-tercera-mesa-provincial-de-diversidad\/"}],"_links":{"self":[{"href":"https:\/\/elfaroonline.com.ar\/index.php\/wp-json\/wp\/v2\/posts\/633","targetHints":{"allow":["GET"]}}],"collection":[{"href":"https:\/\/elfaroonline.com.ar\/index.php\/wp-json\/wp\/v2\/posts"}],"about":[{"href":"https:\/\/elfaroonline.com.ar\/index.php\/wp-json\/wp\/v2\/types\/post"}],"author":[{"embeddable":true,"href":"https:\/\/elfaroonline.com.ar\/index.php\/wp-json\/wp\/v2\/users\/2"}],"replies":[{"embeddable":true,"href":"https:\/\/elfaroonline.com.ar\/index.php\/wp-json\/wp\/v2\/comments?post=633"}],"version-history":[{"count":1,"href":"https:\/\/elfaroonline.com.ar\/index.php\/wp-json\/wp\/v2\/posts\/633\/revisions"}],"predecessor-version":[{"id":635,"href":"https:\/\/elfaroonline.com.ar\/index.php\/wp-json\/wp\/v2\/posts\/633\/revisions\/635"}],"wp:featuredmedia":[{"embeddable":true,"href":"https:\/\/elfaroonline.com.ar\/index.php\/wp-json\/wp\/v2\/media\/634"}],"wp:attachment":[{"href":"https:\/\/elfaroonline.com.ar\/index.php\/wp-json\/wp\/v2\/media?parent=633"}],"wp:term":[{"taxonomy":"category","embeddable":true,"href":"https:\/\/elfaroonline.com.ar\/index.php\/wp-json\/wp\/v2\/categories?post=633"},{"taxonomy":"post_tag","embeddable":true,"href":"https:\/\/elfaroonline.com.ar\/index.php\/wp-json\/wp\/v2\/tags?post=633"}],"curies":[{"name":"wp","href":"https:\/\/api.w.org\/{rel}","templated":true}]}}