{"id":642,"date":"2024-05-18T12:22:15","date_gmt":"2024-05-18T15:22:15","guid":{"rendered":"https:\/\/elfaroonline.com.ar\/?p=642"},"modified":"2024-05-18T12:22:15","modified_gmt":"2024-05-18T15:22:15","slug":"juan-pablo-morales-y-raul-da-pra-van-a-juicio-acusados-de-cohecho","status":"publish","type":"post","link":"https:\/\/elfaroonline.com.ar\/index.php\/2024\/05\/18\/juan-pablo-morales-y-raul-da-pra-van-a-juicio-acusados-de-cohecho\/","title":{"rendered":"Juan Pablo Morales y Ra\u00fal Da Pr\u00e1 van a juicio acusados de cohecho"},"content":{"rendered":"<p>Los exjueces Juan Pablo Morales y Ra\u00fal Da Pr\u00e1 ir\u00e1n a juicio, acusados por el delito de \u201ccohecho pasivo agravado\u201d.<\/p>\n<article class=\"article-body article-body--second-paragraph\">As\u00ed lo resolvi\u00f3 ayer el Tribunal de la C\u00e1mara de Apelaciones en lo Penal y Exhortos.<\/p>\n<\/article>\n<div class=\"banner banner--align-center\">\n<div class=\"banner__content-wrapper\">\n<div id=\"div-movil_300x600\" data-google-query-id=\"CJyEwoLAl4YDFZqFlQId3bIJGA\">Los magistrados Rosa Elena Berrondo Is\u00ed, Juan Isauro Rosales y Diego Chayle Costilla, quienes integraron el Tribunal, rechazaron por unanimidad el recurso de apelaci\u00f3n de elevaci\u00f3n a juicio de la causa, que hab\u00eda sido interpuesto por la defensa de Morales y Da Pr\u00e1.<\/div>\n<\/div>\n<\/div>\n","protected":false},"excerpt":{"rendered":"<p>Los exjueces Juan Pablo Morales y Ra\u00fal Da Pr\u00e1 ir\u00e1n a juicio, acusados por el delito de \u201ccohecho pasivo agravado\u201d. As\u00ed lo resolvi\u00f3 ayer el Tribunal de la C\u00e1mara de Apelaciones en lo Penal y Exhortos. Los magistrados Rosa Elena Berrondo Is\u00ed, Juan Isauro Rosales y Diego Chayle Costilla, quienes integraron el Tribunal, rechazaron por [&hellip;]<\/p>\n","protected":false},"author":2,"featured_media":643,"comment_status":"open","ping_status":"open","sticky":false,"template":"","format":"standard","meta":{"footnotes":""},"categories":[23,27],"tags":[],"class_list":{"0":"post-642","1":"post","2":"type-post","3":"status-publish","4":"format-standard","5":"has-post-thumbnail","7":"category-destacados","8":"category-policiales"},"aioseo_notices":[],"_links":{"self":[{"href":"https:\/\/elfaroonline.com.ar\/index.php\/wp-json\/wp\/v2\/posts\/642","targetHints":{"allow":["GET"]}}],"collection":[{"href":"https:\/\/elfaroonline.com.ar\/index.php\/wp-json\/wp\/v2\/posts"}],"about":[{"href":"https:\/\/elfaroonline.com.ar\/index.php\/wp-json\/wp\/v2\/types\/post"}],"author":[{"embeddable":true,"href":"https:\/\/elfaroonline.com.ar\/index.php\/wp-json\/wp\/v2\/users\/2"}],"replies":[{"embeddable":true,"href":"https:\/\/elfaroonline.com.ar\/index.php\/wp-json\/wp\/v2\/comments?post=642"}],"version-history":[{"count":1,"href":"https:\/\/elfaroonline.com.ar\/index.php\/wp-json\/wp\/v2\/posts\/642\/revisions"}],"predecessor-version":[{"id":644,"href":"https:\/\/elfaroonline.com.ar\/index.php\/wp-json\/wp\/v2\/posts\/642\/revisions\/644"}],"wp:featuredmedia":[{"embeddable":true,"href":"https:\/\/elfaroonline.com.ar\/index.php\/wp-json\/wp\/v2\/media\/643"}],"wp:attachment":[{"href":"https:\/\/elfaroonline.com.ar\/index.php\/wp-json\/wp\/v2\/media?parent=642"}],"wp:term":[{"taxonomy":"category","embeddable":true,"href":"https:\/\/elfaroonline.com.ar\/index.php\/wp-json\/wp\/v2\/categories?post=642"},{"taxonomy":"post_tag","embeddable":true,"href":"https:\/\/elfaroonline.com.ar\/index.php\/wp-json\/wp\/v2\/tags?post=642"}],"curies":[{"name":"wp","href":"https:\/\/api.w.org\/{rel}","templated":true}]}}