{"id":646,"date":"2024-05-20T00:00:31","date_gmt":"2024-05-20T03:00:31","guid":{"rendered":"https:\/\/elfaroonline.com.ar\/?p=646"},"modified":"2024-05-20T00:00:31","modified_gmt":"2024-05-20T03:00:31","slug":"en-el-dia-de-los-museos-visitas-guiadas-musica-y-arte-para-conocer-nuestro-patrimonio","status":"publish","type":"post","link":"https:\/\/elfaroonline.com.ar\/index.php\/2024\/05\/20\/en-el-dia-de-los-museos-visitas-guiadas-musica-y-arte-para-conocer-nuestro-patrimonio\/","title":{"rendered":"En el Dia de los Museos, visitas guiadas, m\u00fasica y arte, para conocer nuestro patrimonio"},"content":{"rendered":"<p dir=\"ltr\">En el D\u00eda Internacional de los Museos, el s\u00e1bado 18 de mayo se realiz\u00f3 una actividad especial con un recorrido por los museos de la capital catamarque\u00f1a, que incluy\u00f3 visitas guiadas para conocer el rico patrimonio y la historia de estos espacios,\u00a0 y distintas expresiones del arte como danza, m\u00fasica, y coro.<\/p>\n<p dir=\"ltr\">La jornada fue iniciativa de la Direcci\u00f3n Provincial\u00a0 de Patrimonio y Museos , que depende de la Secretar\u00eda de Gesti\u00f3n Cultural, del Ministerio de Cultura, Turismo y Deporte, junto a la Direcci\u00f3n de Cultura dependiente de la Municipalidad de la Capital.<\/p>\n<p dir=\"ltr\">El recorrido inici\u00f3 en las primeras horas de la tarde en el Museo Hist\u00f3rico Provincial, donde la encargada, Valeria Valdez, dio la bienvenida a quienes se acercaron a compartir la propuesta, y los invit\u00f3 a seguir a los gu\u00edas, que dieron una pormenorizada gu\u00eda por lo salones que contienen objetos y documentos sobre el proceso de fundaci\u00f3n de Catamarca, los primeros gobernadores, granaderos catamarque\u00f1os de la guardia presidencial, entre otros.<\/p>\n<p dir=\"ltr\">Luego, en el patio de ingreso, Rita Soria junto a sus bailarines, bailaron tres danzas con pa\u00f1uelo, para luego invitar al p\u00fablico a sumarse a bailar gatos, escondidos y chacareras.<\/p>\n<p dir=\"ltr\">Para continuar, el grupo se dirigi\u00f3 al Museo Bellas Artes Laureano Brizuela, donde fueron recibidos por su encargada, Gabriela Brouwer, quien los invit\u00f3 a recorrer, con ayuda de los gu\u00edas, la muestra Fenecer, del joven artista Juan Spolidor, Mientras tanto, \u00a0Lela Folquer en voz y guitarra, junto a Ruben Aragon en viola, musicalizaron el espacio con temas de todos los tiempos.<\/p>\n<p dir=\"ltr\">A medida que avanzaba el recorrido el p\u00fablico se fue sumando y renovando. La Casa de la Cultura fue otro epicentro de la tarde, donde a su llegada el contingente fue recibido por el Coro Polif\u00f3nico Provincial, con el tema &#8220;Himno de mi coraz\u00f3n&#8221;.\u00a0 Al ingresar, la Secretar\u00eda de Gesti\u00f3n Cultural, Laura Maubecin, acompa\u00f1ada por la Directora de Patrimonio, Edith Cardoso, le dio la bienvenida y destac\u00f3 que &#8220;durante toda la semana hemos estado trabajando con las infancias, mostrando las colecciones, adem\u00e1s buscamos que los museos sean un espacio de uni\u00f3n entre las distintas generaciones, a trav\u00e9s del arte y la cultura&#8221;.<\/p>\n<p dir=\"ltr\">Posteriormente, los gu\u00edas relataron a los presentes la historia y los distintos usos\u00a0 de la antigua casona, que fue morada del Gobernador Octaviano Navarro,\u00a0 y en la planta alta, visitaron la muestra de textiles, telares y fibras usados en la antig\u00fcedad.<\/p>\n<p dir=\"ltr\">El Coro Polif\u00f3nico interpret\u00f3 m\u00e1s canciones populares, mientras el p\u00fablico disfrutaba de un caf\u00e9, mates y bizcochitos en el patio principal de la casa.<\/p>\n<p dir=\"ltr\">Para finalizar el d\u00eda Internacional de los Museos, todos se dirigieron al Museo de la Ciudad &#8211; Casa Caravati, donde los esperaban la secretaria de Educaci\u00f3n y Cultura de la Municipalidad, Marquesa Blanco, y el director de Cultura, Alejandro Farf\u00e1n.<\/p>\n<p dir=\"ltr\">All\u00ed, la artista Celina Galera realiz\u00f3 una charla a pie de obra, sobre la muestra que all\u00ed se exhibe &#8220;La rama, la roca y el r\u00edo&#8221;, y junto al fil\u00f3sofo Manuel Fontenla, reflexionaron sobre la muestra. El momento fue musicalizado por los vinilos del DJ Josefino Flor.<\/p>\n<p dir=\"ltr\">La semana de los Museos tendr\u00e1 continuidad el domingo 19, con el siguiente cronograma:<\/p>\n<p dir=\"ltr\">DOMINGO 19<\/p>\n<p dir=\"ltr\">16:00 HS a 18:00 hs. Taller de armado de denarios. Para todo p\u00fablico.Museo de la Virgen del Valle. Rep\u00fablica 449.<\/p>\n<p dir=\"ltr\">\u00a016:00 hs. a 18:00 hs. \u00a0Intervenci\u00f3n art\u00edstica &#8220;tu huella en el museo&#8221;. Museo de la Virgen del Valle.<\/p>\n<p dir=\"ltr\">\u00a019:00 hs. a 20:00 hs. \u00a0Recital a cargo del Coro Municipal. Museo de la Virgen del Valle.<\/p>\n<p>&nbsp;<\/p>\n<p dir=\"ltr\">LUNES 20<\/p>\n<p dir=\"ltr\">8:00 hs.\u00a0 Conversatorio &#8220;Repensar los museos&#8221;, con estudiantes de 4\u00b0 a\u00f1o del\u00a0 ISAC. lugar: Museo de la Ciudad &#8211; Casa Caravati<\/p>\n<p dir=\"ltr\">\n<p dir=\"ltr\">MARTES 21<\/p>\n<p dir=\"ltr\">9 a 11 hs. Taller de armado de personaje y animaci\u00f3n en stop motion, destinado a\u00a0 adolescentes. Lugar: Museo Ad\u00e1n Quiroga, Sarmiento 450<\/p>\n<p dir=\"ltr\">\n<p dir=\"ltr\">MI\u00c9RCOLES 22<\/p>\n<p dir=\"ltr\">9 a 11 hs. Taller de armado de personaje y animaci\u00f3n en stop motion, destinado a\u00a0 adolescentes. Lugar: Museo Ad\u00e1n Quiroga, Sarmiento 450<\/p>\n<p dir=\"ltr\">\n<p dir=\"ltr\">MARTES 28<\/p>\n<p dir=\"ltr\">9 a 13 y 15 a 18 hs. &#8220;Museos, Educaci\u00f3n y Ciencia&#8221;. Jornada de reflexi\u00f3n para trabajadores de museos. Destinada a trabajadores de museos de la provincia. Lugar: Casa de la Cultura, San Martin 533.<\/p>\n","protected":false},"excerpt":{"rendered":"<p>En el D\u00eda Internacional de los Museos, el s\u00e1bado 18 de mayo se realiz\u00f3 una actividad especial con un recorrido por los museos de la capital catamarque\u00f1a, que incluy\u00f3 visitas guiadas para conocer el rico patrimonio y la historia de estos espacios,\u00a0 y distintas expresiones del arte como danza, m\u00fasica, y coro. La jornada fue [&hellip;]<\/p>\n","protected":false},"author":2,"featured_media":647,"comment_status":"open","ping_status":"open","sticky":false,"template":"","format":"standard","meta":{"footnotes":""},"categories":[23,20],"tags":[],"class_list":{"0":"post-646","1":"post","2":"type-post","3":"status-publish","4":"format-standard","5":"has-post-thumbnail","7":"category-destacados","8":"category-sociedad"},"aioseo_notices":[],"_links":{"self":[{"href":"https:\/\/elfaroonline.com.ar\/index.php\/wp-json\/wp\/v2\/posts\/646","targetHints":{"allow":["GET"]}}],"collection":[{"href":"https:\/\/elfaroonline.com.ar\/index.php\/wp-json\/wp\/v2\/posts"}],"about":[{"href":"https:\/\/elfaroonline.com.ar\/index.php\/wp-json\/wp\/v2\/types\/post"}],"author":[{"embeddable":true,"href":"https:\/\/elfaroonline.com.ar\/index.php\/wp-json\/wp\/v2\/users\/2"}],"replies":[{"embeddable":true,"href":"https:\/\/elfaroonline.com.ar\/index.php\/wp-json\/wp\/v2\/comments?post=646"}],"version-history":[{"count":1,"href":"https:\/\/elfaroonline.com.ar\/index.php\/wp-json\/wp\/v2\/posts\/646\/revisions"}],"predecessor-version":[{"id":648,"href":"https:\/\/elfaroonline.com.ar\/index.php\/wp-json\/wp\/v2\/posts\/646\/revisions\/648"}],"wp:featuredmedia":[{"embeddable":true,"href":"https:\/\/elfaroonline.com.ar\/index.php\/wp-json\/wp\/v2\/media\/647"}],"wp:attachment":[{"href":"https:\/\/elfaroonline.com.ar\/index.php\/wp-json\/wp\/v2\/media?parent=646"}],"wp:term":[{"taxonomy":"category","embeddable":true,"href":"https:\/\/elfaroonline.com.ar\/index.php\/wp-json\/wp\/v2\/categories?post=646"},{"taxonomy":"post_tag","embeddable":true,"href":"https:\/\/elfaroonline.com.ar\/index.php\/wp-json\/wp\/v2\/tags?post=646"}],"curies":[{"name":"wp","href":"https:\/\/api.w.org\/{rel}","templated":true}]}}