{"id":649,"date":"2024-05-20T00:02:34","date_gmt":"2024-05-20T03:02:34","guid":{"rendered":"https:\/\/elfaroonline.com.ar\/?p=649"},"modified":"2024-05-20T00:02:34","modified_gmt":"2024-05-20T03:02:34","slug":"osep-realizo-el-traslado-de-un-nino-de-13-anos-en-avion-sanitario","status":"publish","type":"post","link":"https:\/\/elfaroonline.com.ar\/index.php\/2024\/05\/20\/osep-realizo-el-traslado-de-un-nino-de-13-anos-en-avion-sanitario\/","title":{"rendered":"OSEP realiz\u00f3 el traslado de un ni\u00f1o de 13 a\u00f1os en avi\u00f3n sanitario"},"content":{"rendered":"<p class=\"v1MsoNormal\"><i>Se trata de un afiliado que debi\u00f3 ser derivado de urgencia a un centro de mayor complejidad en C\u00f3rdoba.<\/i><\/p>\n<p class=\"v1MsoNormal\">La Obra Social de los Empleados P\u00fablicos (OSEP) llev\u00f3 a adelante este s\u00e1bado el traslado en avi\u00f3n sanitario de un paciente con un cuadro oncol\u00f3gico complicado para ser tratado en un centro de salud de la provincia de C\u00f3rdoba.<\/p>\n<p class=\"v1MsoNormal\">El caso refiere a un paciente de 13 a\u00f1os con diagn\u00f3stico de linfoma de Burkitt, qui\u00e9n, por la complicaci\u00f3n en su cuadro de salud, debi\u00f3 ser derivado de urgencia al Sanatorio Allende de C\u00f3rdoba para recibir un tratamiento de mayor complejidad.<\/p>\n<p class=\"v1MsoNormal\">La derivaci\u00f3n se llev\u00f3 a cabo el s\u00e1bado por la tarde en el avi\u00f3n sanitario de la provincia y tuvo una duraci\u00f3n de 45 minutos, aterrizando exitosamente en el Aeropuerto de Pajas Blancas de C\u00f3rdoba.<\/p>\n<p class=\"v1MsoNormal\">Cabe se\u00f1alar que el afiliado se encontraba recibiendo tratamiento en el Hospital de Ni\u00f1os &#8220;Eva Per\u00f3n&#8221; y la derivaci\u00f3n fue solicitada por el equipo m\u00e9dico a su cargo.<\/p>\n","protected":false},"excerpt":{"rendered":"<p>Se trata de un afiliado que debi\u00f3 ser derivado de urgencia a un centro de mayor complejidad en C\u00f3rdoba. La Obra Social de los Empleados P\u00fablicos (OSEP) llev\u00f3 a adelante este s\u00e1bado el traslado en avi\u00f3n sanitario de un paciente con un cuadro oncol\u00f3gico complicado para ser tratado en un centro de salud de la [&hellip;]<\/p>\n","protected":false},"author":2,"featured_media":650,"comment_status":"open","ping_status":"open","sticky":false,"template":"","format":"standard","meta":{"footnotes":""},"categories":[23,21],"tags":[],"class_list":{"0":"post-649","1":"post","2":"type-post","3":"status-publish","4":"format-standard","5":"has-post-thumbnail","7":"category-destacados","8":"category-politica"},"aioseo_notices":[],"_links":{"self":[{"href":"https:\/\/elfaroonline.com.ar\/index.php\/wp-json\/wp\/v2\/posts\/649","targetHints":{"allow":["GET"]}}],"collection":[{"href":"https:\/\/elfaroonline.com.ar\/index.php\/wp-json\/wp\/v2\/posts"}],"about":[{"href":"https:\/\/elfaroonline.com.ar\/index.php\/wp-json\/wp\/v2\/types\/post"}],"author":[{"embeddable":true,"href":"https:\/\/elfaroonline.com.ar\/index.php\/wp-json\/wp\/v2\/users\/2"}],"replies":[{"embeddable":true,"href":"https:\/\/elfaroonline.com.ar\/index.php\/wp-json\/wp\/v2\/comments?post=649"}],"version-history":[{"count":1,"href":"https:\/\/elfaroonline.com.ar\/index.php\/wp-json\/wp\/v2\/posts\/649\/revisions"}],"predecessor-version":[{"id":651,"href":"https:\/\/elfaroonline.com.ar\/index.php\/wp-json\/wp\/v2\/posts\/649\/revisions\/651"}],"wp:featuredmedia":[{"embeddable":true,"href":"https:\/\/elfaroonline.com.ar\/index.php\/wp-json\/wp\/v2\/media\/650"}],"wp:attachment":[{"href":"https:\/\/elfaroonline.com.ar\/index.php\/wp-json\/wp\/v2\/media?parent=649"}],"wp:term":[{"taxonomy":"category","embeddable":true,"href":"https:\/\/elfaroonline.com.ar\/index.php\/wp-json\/wp\/v2\/categories?post=649"},{"taxonomy":"post_tag","embeddable":true,"href":"https:\/\/elfaroonline.com.ar\/index.php\/wp-json\/wp\/v2\/tags?post=649"}],"curies":[{"name":"wp","href":"https:\/\/api.w.org\/{rel}","templated":true}]}}