{"id":652,"date":"2024-05-20T00:04:56","date_gmt":"2024-05-20T03:04:56","guid":{"rendered":"https:\/\/elfaroonline.com.ar\/?p=652"},"modified":"2024-05-20T00:04:56","modified_gmt":"2024-05-20T03:04:56","slug":"policias-sofocaron-un-incendio-en-una-vivienda-del-sector-sur-de-la-capital","status":"publish","type":"post","link":"https:\/\/elfaroonline.com.ar\/index.php\/2024\/05\/20\/policias-sofocaron-un-incendio-en-una-vivienda-del-sector-sur-de-la-capital\/","title":{"rendered":"Polic\u00edas sofocaron un incendio en una vivienda del sector Sur de la Capital"},"content":{"rendered":"<p class=\"v1MsoNormal\">Ayer, a las <b>15:55<\/b>, a solicitud del <b>SAE-911, <\/b>numerarios de la <b>Seccional Segunda<\/b> se constituyeron en la intersecci\u00f3n de la avenida Gdor. Mardoqueo Molina y calle Maip\u00fa, donde se estar\u00eda produciendo un incendio.<\/p>\n<p class=\"v1MsoNormal\">En el lugar, los uniformados constataron que, por causas que son materia de investigaci\u00f3n, el foco \u00edgneo se habr\u00eda originado por un cortocircuito en un enchufe ubicado en una habitaci\u00f3n de la vivienda, por lo que r\u00e1pidamente solicitaron la presencia de personal de la <b>Direcci\u00f3n Bomberos de la Polic\u00eda de la Provincia,<\/b> quien luego de realizar tareas de su especialidad, logr\u00f3 sofocar las llamas que causaron da\u00f1os materiales parciales en el habit\u00e1culo.<\/p>\n","protected":false},"excerpt":{"rendered":"<p>Ayer, a las 15:55, a solicitud del SAE-911, numerarios de la Seccional Segunda se constituyeron en la intersecci\u00f3n de la avenida Gdor. Mardoqueo Molina y calle Maip\u00fa, donde se estar\u00eda produciendo un incendio. En el lugar, los uniformados constataron que, por causas que son materia de investigaci\u00f3n, el foco \u00edgneo se habr\u00eda originado por un [&hellip;]<\/p>\n","protected":false},"author":2,"featured_media":653,"comment_status":"open","ping_status":"open","sticky":false,"template":"","format":"standard","meta":{"footnotes":""},"categories":[23,27],"tags":[],"class_list":{"0":"post-652","1":"post","2":"type-post","3":"status-publish","4":"format-standard","5":"has-post-thumbnail","7":"category-destacados","8":"category-policiales"},"aioseo_notices":[],"_links":{"self":[{"href":"https:\/\/elfaroonline.com.ar\/index.php\/wp-json\/wp\/v2\/posts\/652","targetHints":{"allow":["GET"]}}],"collection":[{"href":"https:\/\/elfaroonline.com.ar\/index.php\/wp-json\/wp\/v2\/posts"}],"about":[{"href":"https:\/\/elfaroonline.com.ar\/index.php\/wp-json\/wp\/v2\/types\/post"}],"author":[{"embeddable":true,"href":"https:\/\/elfaroonline.com.ar\/index.php\/wp-json\/wp\/v2\/users\/2"}],"replies":[{"embeddable":true,"href":"https:\/\/elfaroonline.com.ar\/index.php\/wp-json\/wp\/v2\/comments?post=652"}],"version-history":[{"count":1,"href":"https:\/\/elfaroonline.com.ar\/index.php\/wp-json\/wp\/v2\/posts\/652\/revisions"}],"predecessor-version":[{"id":654,"href":"https:\/\/elfaroonline.com.ar\/index.php\/wp-json\/wp\/v2\/posts\/652\/revisions\/654"}],"wp:featuredmedia":[{"embeddable":true,"href":"https:\/\/elfaroonline.com.ar\/index.php\/wp-json\/wp\/v2\/media\/653"}],"wp:attachment":[{"href":"https:\/\/elfaroonline.com.ar\/index.php\/wp-json\/wp\/v2\/media?parent=652"}],"wp:term":[{"taxonomy":"category","embeddable":true,"href":"https:\/\/elfaroonline.com.ar\/index.php\/wp-json\/wp\/v2\/categories?post=652"},{"taxonomy":"post_tag","embeddable":true,"href":"https:\/\/elfaroonline.com.ar\/index.php\/wp-json\/wp\/v2\/tags?post=652"}],"curies":[{"name":"wp","href":"https:\/\/api.w.org\/{rel}","templated":true}]}}