{"id":658,"date":"2024-05-20T00:14:04","date_gmt":"2024-05-20T03:14:04","guid":{"rendered":"https:\/\/elfaroonline.com.ar\/?p=658"},"modified":"2024-05-20T00:14:04","modified_gmt":"2024-05-20T03:14:04","slug":"espana-exige-a-milei-unas-disculpas-publicas-y-llama-a-consultas-a-la-embajadora-no-tiene-precedentes-en-la-historia","status":"publish","type":"post","link":"https:\/\/elfaroonline.com.ar\/index.php\/2024\/05\/20\/espana-exige-a-milei-unas-disculpas-publicas-y-llama-a-consultas-a-la-embajadora-no-tiene-precedentes-en-la-historia\/","title":{"rendered":"Espa\u00f1a exige a Milei unas disculpas p\u00fablicas y llama a consultas a la embajadora: \u201cNo tiene precedentes en la historia\u201d"},"content":{"rendered":"<p>El ministro de Asuntos Exteriores, Jos\u00e9 Manuel Albares, ha criticado duramente las palabras del presidente de Argentina en Madrid, donde ha acusado de \u201ccorrupta\u201d a la mujer de Pedro S\u00e1nchez.<\/p>\n<p>\u201cLas palabras pronunciadas hoy por Javier Milei en Madrid sobrepasan cualquier tipo de diferencia pol\u00edtica e ideol\u00f3gica\u201d ha asegurado Albares, quien ha considerado el discurso del argentino como \u201c<b>un ataque frontal a nuestra democracia<\/b>, a nuestras instituciones\u201d. \u201cNo tienen precedentes en la historia de las relaciones entre dos pa\u00edses, dos pueblos unidos por lazos de hermandad\u201d, ha a\u00f1adido.<\/p>\n<p>Albares contestaba as\u00ed a las declaraciones del presidente argentino, Javier Milei, expresadas durante el acto <i>Europa Viva 24<\/i>, organizado por el partido de ultraderecha Vox en el Palacio de Vistalegre durante el fin de semana.<\/p>\n<p>Seg\u00fan el ministro espa\u00f1ol, Milei ha sido \u201crecibido de buena fe para participar en un acto pol\u00edtico de la extrema derecha\u201d y \u201ca esta hospitalidad ha respondido con un <b>ataque frontal <\/b>a nuestra democracia\u201d. Albares ha recordado los principios de <b>respeto mutuo y no injerencia en asuntos internos<\/b>, que considera que el mandatario argentino se ha saltado. \u201cRompe con todos los usos diplom\u00e1ticos y las m\u00e1s elementales reglas de la convivencia entre pa\u00edses\u201d, ha aseverado.<\/p>\n<p class=\"paragraph\" data-mrf-recirculation=\"Links inline\">Las palabras del argentino habr\u00edan llevado \u201clas <b>relaciones entre Espa\u00f1a y Argentina<\/b> a su momento m\u00e1s grave hasta el momento\u201d, seg\u00fan el ministro. Por ello, ha llamado \u201csine die\u201d a consultas a la embajadora espa\u00f1ola en Argentina y ha exigido que el mandatario se disculpe de forma p\u00fablica. \u201cEn caso de no producirse, <b>tomaremos las medidas que creemos oportunas<\/b> para defender nuestra soberan\u00eda\u201d.<\/p>\n<p class=\"paragraph\" data-mrf-recirculation=\"Links inline\">El ministro ha asegurado que cuenta con el <b>apoyo de una \u201camplia mayor\u00eda\u201d de los parlamentarios<\/b>espa\u00f1oles, a excepci\u00f3n de los de PP y Vox, que todav\u00eda no se han pronunciado. A su vez, ha mantenido una conversaci\u00f3n con el Alto Representante de la Uni\u00f3n Europea para Asuntos Exteriores, <b>Josep Borrell<\/b>, quien ha considerado que \u201cun ataque de este calibre a un Estado miembro <b>es un ataque a la Uni\u00f3n Europea<\/b>\u201d, seg\u00fan Albares.<\/p>\n<p class=\"paragraph\" data-mrf-recirculation=\"Links inline\">\u201cLa libertad pol\u00edtica, la prosperidad, la cohesi\u00f3n social basada en la redistribuci\u00f3n fiscal y el respeto en el debate p\u00fablico son pilares de la UE. Los ataques contra familiares de l\u00edderes pol\u00edticos no tienen cabida en nuestra cultura: los<b>condenamos y rechazamos<\/b>, especialmente cuando provienen de socios\u201d, ha expresado Borrell en sus redes sociales.<\/p>\n","protected":false},"excerpt":{"rendered":"<p>El ministro de Asuntos Exteriores, Jos\u00e9 Manuel Albares, ha criticado duramente las palabras del presidente de Argentina en Madrid, donde ha acusado de \u201ccorrupta\u201d a la mujer de Pedro S\u00e1nchez. \u201cLas palabras pronunciadas hoy por Javier Milei en Madrid sobrepasan cualquier tipo de diferencia pol\u00edtica e ideol\u00f3gica\u201d ha asegurado Albares, quien ha considerado el discurso [&hellip;]<\/p>\n","protected":false},"author":2,"featured_media":659,"comment_status":"open","ping_status":"open","sticky":false,"template":"","format":"standard","meta":{"footnotes":""},"categories":[24],"tags":[],"class_list":{"0":"post-658","1":"post","2":"type-post","3":"status-publish","4":"format-standard","5":"has-post-thumbnail","7":"category-mundo"},"aioseo_notices":[],"_links":{"self":[{"href":"https:\/\/elfaroonline.com.ar\/index.php\/wp-json\/wp\/v2\/posts\/658","targetHints":{"allow":["GET"]}}],"collection":[{"href":"https:\/\/elfaroonline.com.ar\/index.php\/wp-json\/wp\/v2\/posts"}],"about":[{"href":"https:\/\/elfaroonline.com.ar\/index.php\/wp-json\/wp\/v2\/types\/post"}],"author":[{"embeddable":true,"href":"https:\/\/elfaroonline.com.ar\/index.php\/wp-json\/wp\/v2\/users\/2"}],"replies":[{"embeddable":true,"href":"https:\/\/elfaroonline.com.ar\/index.php\/wp-json\/wp\/v2\/comments?post=658"}],"version-history":[{"count":1,"href":"https:\/\/elfaroonline.com.ar\/index.php\/wp-json\/wp\/v2\/posts\/658\/revisions"}],"predecessor-version":[{"id":660,"href":"https:\/\/elfaroonline.com.ar\/index.php\/wp-json\/wp\/v2\/posts\/658\/revisions\/660"}],"wp:featuredmedia":[{"embeddable":true,"href":"https:\/\/elfaroonline.com.ar\/index.php\/wp-json\/wp\/v2\/media\/659"}],"wp:attachment":[{"href":"https:\/\/elfaroonline.com.ar\/index.php\/wp-json\/wp\/v2\/media?parent=658"}],"wp:term":[{"taxonomy":"category","embeddable":true,"href":"https:\/\/elfaroonline.com.ar\/index.php\/wp-json\/wp\/v2\/categories?post=658"},{"taxonomy":"post_tag","embeddable":true,"href":"https:\/\/elfaroonline.com.ar\/index.php\/wp-json\/wp\/v2\/tags?post=658"}],"curies":[{"name":"wp","href":"https:\/\/api.w.org\/{rel}","templated":true}]}}