{"id":661,"date":"2024-05-20T00:17:52","date_gmt":"2024-05-20T03:17:52","guid":{"rendered":"https:\/\/elfaroonline.com.ar\/?p=661"},"modified":"2024-05-20T00:17:52","modified_gmt":"2024-05-20T03:17:52","slug":"guillermo-francos-no-corresponde-ninguna-disculpa-las-agresiones-fueron-del-gobierno-de-sanchez","status":"publish","type":"post","link":"https:\/\/elfaroonline.com.ar\/index.php\/2024\/05\/20\/guillermo-francos-no-corresponde-ninguna-disculpa-las-agresiones-fueron-del-gobierno-de-sanchez\/","title":{"rendered":"Guillermo Francos: \u201cNo corresponde ninguna disculpa, las agresiones fueron del gobierno de S\u00e1nchez\u201d"},"content":{"rendered":"<p>El ministro del Interior habl\u00f3 sobre la tensi\u00f3n con Espa\u00f1a, neg\u00f3 que exista una crisis diplom\u00e1tica y asegur\u00f3 que los fuertes dichos del presidente Milei en Madrid tienen origen en provocaciones previas.<\/p>\n<p>\u201c<b>Las agresiones fueron del gobierno del presidente S\u00e1nchez<\/b>, no corresponde ninguna disculpa\u201d, afirm\u00f3, por caso, el ministro del Interior, <b>Guillermo Francos<\/b>. El funcionario record\u00f3 que el jefe de Estado de Espa\u00f1a se inmiscuy\u00f3 en la campa\u00f1a electoral que llev\u00f3 a Milei a la presidencia, expres\u00e1ndose justamente a favor de quien entonces era su rival, el ex ministro de Econom\u00eda Sergio Massa.<\/p>\n<p>En concreto, Francos hizo alusi\u00f3n al viejo rencor que el gobierno actual arrastra con S\u00e1nchez. \u201cEra un presidente de Espa\u00f1a haciendo campa\u00f1a por Massa, no s\u00e9 de qu\u00e9 se queja ahora\u201d, reiter\u00f3 el funcionario en declaraciones a la se\u00f1al de noticias <i>TN<\/i>. M\u00e1s adelante, el ministro enumer\u00f3 una serie de declaraciones de funcionarios espa\u00f1oles que el gobierno nacional consider\u00f3 igualmente ofensivas.<\/p>\n<p class=\"paragraph\" data-mrf-recirculation=\"Links inline\">Francos neg\u00f3 la posibilidad de que exista un pedida de disculpas por el contenido del discurso del presidente Milei en la convenci\u00f3n de Vox, el partido de ultraderecha espa\u00f1ol, cuyo l\u00edder, Santiago Abascal, es un ferviente opositor a la gesti\u00f3n de S\u00e1nchez. No obstante, para el ministro argentino \u201cno existe una crisis\u201d y en todo caso, ubic\u00f3 el entredicho en la categor\u00eda de diferencias entre dirigentes pol\u00edticos.<\/p>\n<p class=\"paragraph\" data-mrf-recirculation=\"Links inline\">Asimismo, el ministro minimiz\u00f3 la reacci\u00f3n formal de la canciller\u00eda espa\u00f1ola, que determin\u00f3 llamar a consulta a la embajadora de Espa\u00f1a en Argentina, Mar\u00eda Jes\u00fas Alonso Jim\u00e9nez. Tal medida implica que la diplom\u00e1tica abandone el pa\u00eds y se reporte ante sus autoridades para dar cuenta de un hecho que ese gobierno considera grave. \u201cEllos sabr\u00e1n. La llamaron, supongo que en estos d\u00edas volver\u00e1. Es rid\u00edculo que quieran romper relaciones con Argentina\u201d, insisti\u00f3 el ministro.<\/p>\n<p data-mrf-recirculation=\"Links inline\">\u201cNo s\u00e9 por qu\u00e9 tanta ofensa, han levantado el tema innecesariamente y ojal\u00e1 lo den por superado. <b>El presidente Milei no va a hacer un comentario sobre eso en ning\u00fan sentido, no siente que tenga que pedir ninguna disculpa, no va a pasar\u201d<\/b>, sentenci\u00f3 Francos.<\/p>\n","protected":false},"excerpt":{"rendered":"<p>El ministro del Interior habl\u00f3 sobre la tensi\u00f3n con Espa\u00f1a, neg\u00f3 que exista una crisis diplom\u00e1tica y asegur\u00f3 que los fuertes dichos del presidente Milei en Madrid tienen origen en provocaciones previas. \u201cLas agresiones fueron del gobierno del presidente S\u00e1nchez, no corresponde ninguna disculpa\u201d, afirm\u00f3, por caso, el ministro del Interior, Guillermo Francos. El funcionario [&hellip;]<\/p>\n","protected":false},"author":2,"featured_media":662,"comment_status":"open","ping_status":"open","sticky":false,"template":"","format":"standard","meta":{"footnotes":""},"categories":[22],"tags":[],"class_list":{"0":"post-661","1":"post","2":"type-post","3":"status-publish","4":"format-standard","5":"has-post-thumbnail","7":"category-nacionales"},"aioseo_notices":[],"_links":{"self":[{"href":"https:\/\/elfaroonline.com.ar\/index.php\/wp-json\/wp\/v2\/posts\/661","targetHints":{"allow":["GET"]}}],"collection":[{"href":"https:\/\/elfaroonline.com.ar\/index.php\/wp-json\/wp\/v2\/posts"}],"about":[{"href":"https:\/\/elfaroonline.com.ar\/index.php\/wp-json\/wp\/v2\/types\/post"}],"author":[{"embeddable":true,"href":"https:\/\/elfaroonline.com.ar\/index.php\/wp-json\/wp\/v2\/users\/2"}],"replies":[{"embeddable":true,"href":"https:\/\/elfaroonline.com.ar\/index.php\/wp-json\/wp\/v2\/comments?post=661"}],"version-history":[{"count":1,"href":"https:\/\/elfaroonline.com.ar\/index.php\/wp-json\/wp\/v2\/posts\/661\/revisions"}],"predecessor-version":[{"id":663,"href":"https:\/\/elfaroonline.com.ar\/index.php\/wp-json\/wp\/v2\/posts\/661\/revisions\/663"}],"wp:featuredmedia":[{"embeddable":true,"href":"https:\/\/elfaroonline.com.ar\/index.php\/wp-json\/wp\/v2\/media\/662"}],"wp:attachment":[{"href":"https:\/\/elfaroonline.com.ar\/index.php\/wp-json\/wp\/v2\/media?parent=661"}],"wp:term":[{"taxonomy":"category","embeddable":true,"href":"https:\/\/elfaroonline.com.ar\/index.php\/wp-json\/wp\/v2\/categories?post=661"},{"taxonomy":"post_tag","embeddable":true,"href":"https:\/\/elfaroonline.com.ar\/index.php\/wp-json\/wp\/v2\/tags?post=661"}],"curies":[{"name":"wp","href":"https:\/\/api.w.org\/{rel}","templated":true}]}}