{"id":665,"date":"2024-05-20T10:16:55","date_gmt":"2024-05-20T13:16:55","guid":{"rendered":"https:\/\/elfaroonline.com.ar\/?p=665"},"modified":"2024-05-20T10:16:55","modified_gmt":"2024-05-20T13:16:55","slug":"catamarca-e-italia-trabajaran-para-el-desarrollo-y-comercializacion-del-aceite-de-nuez","status":"publish","type":"post","link":"https:\/\/elfaroonline.com.ar\/index.php\/2024\/05\/20\/catamarca-e-italia-trabajaran-para-el-desarrollo-y-comercializacion-del-aceite-de-nuez\/","title":{"rendered":"Catamarca e Italia trabajar\u00e1n para el desarrollo y comercializaci\u00f3n del Aceite de Nuez"},"content":{"rendered":"<p class=\"v1MsoNormal\">A trav\u00e9s de un acuerdo rubricado en el marco del programa AISIM (Argentina e Italia por un sistema monta\u00f1oso integrado), la provincia de Catamarca e Italia trabajar\u00e1n en el desarrollo de la cadena de producci\u00f3n del aceite de nuez de Saujil con tecnolog\u00eda y apoyo cient\u00edfico italiano.<\/p>\n<p class=\"v1MsoNormal\">La r\u00fabrica del trabajo de cooperaci\u00f3n se concret\u00f3 durante la misi\u00f3n de la comitiva catamarque\u00f1o en Italia, que tuvo presentes al gobernador Ra\u00fal Jalil, al intendente de Saujil, Enzo Carrizo, y al representante italiano del programa, Antonello Liberatore.<\/p>\n<p class=\"v1MsoNormal\">El proyecto promueve la construcci\u00f3n de una o m\u00e1s plantas para la producci\u00f3n de aceite de nuez, con la utilizaci\u00f3n de nueces locales seleccionadas y embotellamiento en botellas de 125 ml, 250 ml o 500 ml.<\/p>\n<p class=\"v1MsoNormal\">Tambi\u00e9n eval\u00faa la factibilidad para el desarrollo e implementaci\u00f3n de la producci\u00f3n y comercializaci\u00f3n local e internacional del Aceite de Nuez y de Harina de Nuez entre Argentina e Italia, como plataforma para la internacionalizaci\u00f3n y exportaci\u00f3n en mercados de Europa, Estados Unidos y Asia.<\/p>\n<p class=\"v1MsoNormal\">Asimismo, la planta podr\u00e1 ser utilizada para producci\u00f3n de aceite de otros frutos, especialmente para la producci\u00f3n de aceite de Tuna (Opuntia ficus indica), aceite de uva (semillas de uva), que se evaluar\u00e1n en base a la disponibilidad de otros productos locales.<\/p>\n<p class=\"v1MsoNormal\">AISIM es una Asociaci\u00f3n que tiene como objetivo desarrollar y profundizar la cooperaci\u00f3n entre Italia y Argentina en diversos temas de monta\u00f1a.<\/p>\n<p class=\"v1MsoNormal\"><b>Cadena de valor de la tuna <\/b><\/p>\n<p class=\"v1MsoNormal\">Por otra parte, las autoridades catamarque\u00f1as aprovecharon la estad\u00eda en Italia para dialogar con los representantes de Itabia (Italian Biomass Association), y avanzar en el proyecto de desarrollo de la cadena de valor de la tuna en Catamarca.<\/p>\n<p class=\"v1MsoNormal\">La propuesta de colaboraci\u00f3n es para llevar adelante un proyecto agroindustrial, relacionado con la cadena productiva de la tuna, en sus m\u00faltiples aplicaciones, en las diferentes zonas rurales de Catamarca.<\/p>\n<p class=\"v1MsoNormal\">\n<p class=\"v1MsoNormal\">Cabe remarcar que Italia cuenta con una serie de experiencias positivas en lo que refiere innovaci\u00f3n tecnol\u00f3gica, incentivos p\u00fablicos, buenas pr\u00e1cticas, entre otras.<\/p>\n","protected":false},"excerpt":{"rendered":"<p>A trav\u00e9s de un acuerdo rubricado en el marco del programa AISIM (Argentina e Italia por un sistema monta\u00f1oso integrado), la provincia de Catamarca e Italia trabajar\u00e1n en el desarrollo de la cadena de producci\u00f3n del aceite de nuez de Saujil con tecnolog\u00eda y apoyo cient\u00edfico italiano. La r\u00fabrica del trabajo de cooperaci\u00f3n se concret\u00f3 [&hellip;]<\/p>\n","protected":false},"author":2,"featured_media":666,"comment_status":"open","ping_status":"open","sticky":false,"template":"","format":"standard","meta":{"footnotes":""},"categories":[23,21],"tags":[],"class_list":{"0":"post-665","1":"post","2":"type-post","3":"status-publish","4":"format-standard","5":"has-post-thumbnail","7":"category-destacados","8":"category-politica"},"aioseo_notices":[],"_links":{"self":[{"href":"https:\/\/elfaroonline.com.ar\/index.php\/wp-json\/wp\/v2\/posts\/665","targetHints":{"allow":["GET"]}}],"collection":[{"href":"https:\/\/elfaroonline.com.ar\/index.php\/wp-json\/wp\/v2\/posts"}],"about":[{"href":"https:\/\/elfaroonline.com.ar\/index.php\/wp-json\/wp\/v2\/types\/post"}],"author":[{"embeddable":true,"href":"https:\/\/elfaroonline.com.ar\/index.php\/wp-json\/wp\/v2\/users\/2"}],"replies":[{"embeddable":true,"href":"https:\/\/elfaroonline.com.ar\/index.php\/wp-json\/wp\/v2\/comments?post=665"}],"version-history":[{"count":1,"href":"https:\/\/elfaroonline.com.ar\/index.php\/wp-json\/wp\/v2\/posts\/665\/revisions"}],"predecessor-version":[{"id":667,"href":"https:\/\/elfaroonline.com.ar\/index.php\/wp-json\/wp\/v2\/posts\/665\/revisions\/667"}],"wp:featuredmedia":[{"embeddable":true,"href":"https:\/\/elfaroonline.com.ar\/index.php\/wp-json\/wp\/v2\/media\/666"}],"wp:attachment":[{"href":"https:\/\/elfaroonline.com.ar\/index.php\/wp-json\/wp\/v2\/media?parent=665"}],"wp:term":[{"taxonomy":"category","embeddable":true,"href":"https:\/\/elfaroonline.com.ar\/index.php\/wp-json\/wp\/v2\/categories?post=665"},{"taxonomy":"post_tag","embeddable":true,"href":"https:\/\/elfaroonline.com.ar\/index.php\/wp-json\/wp\/v2\/tags?post=665"}],"curies":[{"name":"wp","href":"https:\/\/api.w.org\/{rel}","templated":true}]}}