{"id":668,"date":"2024-05-20T10:20:22","date_gmt":"2024-05-20T13:20:22","guid":{"rendered":"https:\/\/elfaroonline.com.ar\/?p=668"},"modified":"2024-05-20T10:20:22","modified_gmt":"2024-05-20T13:20:22","slug":"control-y-fiscalizacion-del-transporte-publico-de-pasajeros","status":"publish","type":"post","link":"https:\/\/elfaroonline.com.ar\/index.php\/2024\/05\/20\/control-y-fiscalizacion-del-transporte-publico-de-pasajeros\/","title":{"rendered":"Control y fiscalizaci\u00f3n del transporte p\u00fablico de pasajeros"},"content":{"rendered":"<p class=\"v1MsoNormal\"><span lang=\"ES-MX\">El Ministerio de Integraci\u00f3n Regional, Log\u00edstica y Transporte informa que, durante los \u00faltimos d\u00edas, se llevaron a cabo intensos operativos de control, fiscalizaci\u00f3n y alcoholemia en coordinaci\u00f3n con la Comisi\u00f3n Nacional de Regulaci\u00f3n del Transporte (CNRT) y Seguridad Vial de la Provincia, en diferentes puntos de la ciudad, destac\u00e1ndose las acciones realizadas en la Terminal de \u00d3mnibus, avenida Misiones y Valle Chico.<\/span><\/p>\n<p class=\"v1MsoNormal\"><span lang=\"ES-MX\">\u00a0<\/span><\/p>\n<p class=\"v1MsoNormal\"><span lang=\"ES-MX\">Durante las inspecciones de documentaci\u00f3n obligatoria, el estado de las unidades y las condiciones t\u00e9cnicas de los veh\u00edculos con el objetivo de asegurar la correcta prestaci\u00f3n y seguridad de los servicios, se labraron diversas infracciones y se inhabilitaron algunas unidades por no cumplir con las normas de seguridad o habilitaciones necesarias para funcionar.<\/span><\/p>\n<p class=\"v1MsoNormal\"><span lang=\"ES-MX\">Cabe destacar que adem\u00e1s se realizaron 49 pruebas de alcoholemia con al\u00f3metro a los conductores de las unidades de transporte, arrojando todas ellas resultados negativos.<\/span><\/p>\n<p class=\"v1MsoNormal\"><span lang=\"ES-MX\">\u00a0<\/span><\/p>\n<p class=\"v1MsoNormal\"><span lang=\"ES-MX\">Entre las irregularidades m\u00e1s comunes se encontraron parabrisas trizados y falta de documentaci\u00f3n obligatoria vigente. Adem\u00e1s, la unidad retirada de servicio fue por tener la licencia oficial vencida y por operar con una tarifa no autorizada.<\/span><\/p>\n<p class=\"v1MsoNormal\"><span lang=\"ES-MX\">\u00a0<\/span><\/p>\n<p class=\"v1MsoNormal\"><span lang=\"ES-MX\">Estos controles peri\u00f3dicos contribuyen a la seguridad y calidad en el transporte p\u00fablico de pasajeros. Informamos adem\u00e1s, que se continuar\u00e1 con estos operativos para garantizar que todas las unidades de transporte cumplan con los est\u00e1ndares de seguridad y habilitaciones requeridas, protegiendo as\u00ed a los usuarios y asegurando una conducci\u00f3n segura.<\/span><\/p>\n","protected":false},"excerpt":{"rendered":"<p>El Ministerio de Integraci\u00f3n Regional, Log\u00edstica y Transporte informa que, durante los \u00faltimos d\u00edas, se llevaron a cabo intensos operativos de control, fiscalizaci\u00f3n y alcoholemia en coordinaci\u00f3n con la Comisi\u00f3n Nacional de Regulaci\u00f3n del Transporte (CNRT) y Seguridad Vial de la Provincia, en diferentes puntos de la ciudad, destac\u00e1ndose las acciones realizadas en la Terminal [&hellip;]<\/p>\n","protected":false},"author":2,"featured_media":669,"comment_status":"open","ping_status":"open","sticky":false,"template":"","format":"standard","meta":{"footnotes":""},"categories":[23,20],"tags":[],"class_list":{"0":"post-668","1":"post","2":"type-post","3":"status-publish","4":"format-standard","5":"has-post-thumbnail","7":"category-destacados","8":"category-sociedad"},"aioseo_notices":[],"_links":{"self":[{"href":"https:\/\/elfaroonline.com.ar\/index.php\/wp-json\/wp\/v2\/posts\/668","targetHints":{"allow":["GET"]}}],"collection":[{"href":"https:\/\/elfaroonline.com.ar\/index.php\/wp-json\/wp\/v2\/posts"}],"about":[{"href":"https:\/\/elfaroonline.com.ar\/index.php\/wp-json\/wp\/v2\/types\/post"}],"author":[{"embeddable":true,"href":"https:\/\/elfaroonline.com.ar\/index.php\/wp-json\/wp\/v2\/users\/2"}],"replies":[{"embeddable":true,"href":"https:\/\/elfaroonline.com.ar\/index.php\/wp-json\/wp\/v2\/comments?post=668"}],"version-history":[{"count":1,"href":"https:\/\/elfaroonline.com.ar\/index.php\/wp-json\/wp\/v2\/posts\/668\/revisions"}],"predecessor-version":[{"id":670,"href":"https:\/\/elfaroonline.com.ar\/index.php\/wp-json\/wp\/v2\/posts\/668\/revisions\/670"}],"wp:featuredmedia":[{"embeddable":true,"href":"https:\/\/elfaroonline.com.ar\/index.php\/wp-json\/wp\/v2\/media\/669"}],"wp:attachment":[{"href":"https:\/\/elfaroonline.com.ar\/index.php\/wp-json\/wp\/v2\/media?parent=668"}],"wp:term":[{"taxonomy":"category","embeddable":true,"href":"https:\/\/elfaroonline.com.ar\/index.php\/wp-json\/wp\/v2\/categories?post=668"},{"taxonomy":"post_tag","embeddable":true,"href":"https:\/\/elfaroonline.com.ar\/index.php\/wp-json\/wp\/v2\/tags?post=668"}],"curies":[{"name":"wp","href":"https:\/\/api.w.org\/{rel}","templated":true}]}}