{"id":675,"date":"2024-05-22T18:47:45","date_gmt":"2024-05-22T21:47:45","guid":{"rendered":"https:\/\/elfaroonline.com.ar\/?p=675"},"modified":"2024-05-22T18:47:45","modified_gmt":"2024-05-22T21:47:45","slug":"la-comision-de-presupuesto-del-senado-recibio-a-la-ministra-nazareno-y-al-ministro-avila","status":"publish","type":"post","link":"https:\/\/elfaroonline.com.ar\/index.php\/2024\/05\/22\/la-comision-de-presupuesto-del-senado-recibio-a-la-ministra-nazareno-y-al-ministro-avila\/","title":{"rendered":"La comisi\u00f3n de Presupuesto del Senado recibi\u00f3 a la ministra Nazareno y al ministro \u00c1vila"},"content":{"rendered":"<p class=\"v1MsoNormal\">Una comisi\u00f3n de Presupuestos, Hacienda y Legislaci\u00f3n Laboral de Senado ampliada, recibi\u00f3 este mi\u00e9rcoles a la ministra de Hacienda provincial Alejandra Nazareno, y al ministro de Gobierno, Justicia y Derechos Humanos, Fernando \u00c1vila, para trabajar de forma conjunta sobre el proyecto de Ley de Emergencia Econ\u00f3mica, que ya tiene media sanci\u00f3n en la c\u00e1mara baja y que se tratar\u00eda este jueves para obtener su sanci\u00f3n definitiva en la pr\u00f3xima sesi\u00f3n ordinaria de la c\u00e1mara alta.<\/p>\n<p class=\"v1MsoNormal\">\n<p class=\"v1MsoNormal\">Esta medida, dise\u00f1ada para brindar herramientas al Ejecutivo asegurando la prestaci\u00f3n efectiva de los servicios b\u00e1sicos del Estado en un contexto de incertidumbre econ\u00f3mica y social, declara la emergencia econ\u00f3mica, financiera, administrativa y educativa en la provincia hasta fines de a\u00f1o, con la posibilidad de prorrogarse por un lapso adicional de cinco meses.<\/p>\n<p class=\"v1MsoNormal\">\n<p class=\"v1MsoNormal\">Las senadoras y senadores presentes fueron, de esta manera: Augusto Ojeda, Antonio Camposano, Ram\u00f3n Figueroa Castellanos, Soledad Blas, Guillermo Ferreyra, Carolina Casas, Andrea Lobo, Horacio Guti\u00e9rrez, Virginia Del Arco, P\u00edo Carletta y Mario Gershani.<\/p>\n<p class=\"v1MsoNormal\">\n<p class=\"v1MsoNormal\"><b>M\u00e1s reuniones de comisi\u00f3n <\/b><\/p>\n<p class=\"v1MsoNormal\">\n<p class=\"v1MsoNormal\">Senadores y senadoras de las diferentes comisiones de trabajo de la c\u00e1mara alta se reunieron tambi\u00e9n este mi\u00e9rcoles de cara al temario de proyectos planteado para tratarse en las pr\u00f3ximas sesiones ordinarias que la c\u00e1mara alta llevar\u00e1 adelante en el recinto Fray Mamerto Esqui\u00fa.<\/p>\n","protected":false},"excerpt":{"rendered":"<p>Una comisi\u00f3n de Presupuestos, Hacienda y Legislaci\u00f3n Laboral de Senado ampliada, recibi\u00f3 este mi\u00e9rcoles a la ministra de Hacienda provincial Alejandra Nazareno, y al ministro de Gobierno, Justicia y Derechos Humanos, Fernando \u00c1vila, para trabajar de forma conjunta sobre el proyecto de Ley de Emergencia Econ\u00f3mica, que ya tiene media sanci\u00f3n en la c\u00e1mara baja [&hellip;]<\/p>\n","protected":false},"author":2,"featured_media":676,"comment_status":"open","ping_status":"open","sticky":false,"template":"","format":"standard","meta":{"footnotes":""},"categories":[23,21],"tags":[],"class_list":{"0":"post-675","1":"post","2":"type-post","3":"status-publish","4":"format-standard","5":"has-post-thumbnail","7":"category-destacados","8":"category-politica"},"aioseo_notices":[],"_links":{"self":[{"href":"https:\/\/elfaroonline.com.ar\/index.php\/wp-json\/wp\/v2\/posts\/675","targetHints":{"allow":["GET"]}}],"collection":[{"href":"https:\/\/elfaroonline.com.ar\/index.php\/wp-json\/wp\/v2\/posts"}],"about":[{"href":"https:\/\/elfaroonline.com.ar\/index.php\/wp-json\/wp\/v2\/types\/post"}],"author":[{"embeddable":true,"href":"https:\/\/elfaroonline.com.ar\/index.php\/wp-json\/wp\/v2\/users\/2"}],"replies":[{"embeddable":true,"href":"https:\/\/elfaroonline.com.ar\/index.php\/wp-json\/wp\/v2\/comments?post=675"}],"version-history":[{"count":1,"href":"https:\/\/elfaroonline.com.ar\/index.php\/wp-json\/wp\/v2\/posts\/675\/revisions"}],"predecessor-version":[{"id":677,"href":"https:\/\/elfaroonline.com.ar\/index.php\/wp-json\/wp\/v2\/posts\/675\/revisions\/677"}],"wp:featuredmedia":[{"embeddable":true,"href":"https:\/\/elfaroonline.com.ar\/index.php\/wp-json\/wp\/v2\/media\/676"}],"wp:attachment":[{"href":"https:\/\/elfaroonline.com.ar\/index.php\/wp-json\/wp\/v2\/media?parent=675"}],"wp:term":[{"taxonomy":"category","embeddable":true,"href":"https:\/\/elfaroonline.com.ar\/index.php\/wp-json\/wp\/v2\/categories?post=675"},{"taxonomy":"post_tag","embeddable":true,"href":"https:\/\/elfaroonline.com.ar\/index.php\/wp-json\/wp\/v2\/tags?post=675"}],"curies":[{"name":"wp","href":"https:\/\/api.w.org\/{rel}","templated":true}]}}