{"id":678,"date":"2024-05-22T18:50:26","date_gmt":"2024-05-22T21:50:26","guid":{"rendered":"https:\/\/elfaroonline.com.ar\/?p=678"},"modified":"2024-05-22T18:50:26","modified_gmt":"2024-05-22T21:50:26","slug":"con-fondos-mineros-se-financiaran-obras-de-infraestructura-en-andalgala","status":"publish","type":"post","link":"https:\/\/elfaroonline.com.ar\/index.php\/2024\/05\/22\/con-fondos-mineros-se-financiaran-obras-de-infraestructura-en-andalgala\/","title":{"rendered":"Con fondos mineros, se financiar\u00e1n obras de infraestructura en Andalgal\u00e1"},"content":{"rendered":"<p class=\"v1MsoNormal\"><span lang=\"ES\">En el marco de la Expo Minera que tiene lugar en San Juan, el gobernador Ra\u00fal Jalil se reuni\u00f3 con el country manager de Glencore Cobre Argentina, Juan Donicelli, y el presidente de YMAD, Juan Limodio, para conocerlos avances del proyecto minero en Andalgal\u00e1.<\/span><\/p>\n<p class=\"v1MsoNormal\"><span lang=\"ES\">En el encuentro dialogaron sobre las acciones futuras a concretar por Glencore en relaci\u00f3n al proyecto MARA, y el Gobernador anunci\u00f3 que con fondos mineros se concretar\u00e1n obras de infraestructura de agua y saneamiento en &#8220;La Perla del Oeste&#8221; como la refuncionalizaci\u00f3n de la Planta El Potrero (incluye cambio de ca\u00f1er\u00eda de red principal y extensi\u00f3n de red), refuncionalizaci\u00f3n de Planta Potabilizadora en Choya (cambio de ca\u00f1er\u00eda principal) y la Red de cloacas y remodelaci\u00f3n de Planta de Tratamiento de Efluentes Cloacales de Andalgal\u00e1.<\/span><\/p>\n<p class=\"v1MsoNormal\"><span lang=\"ES\">Otras importantes obras que contar\u00e1n con reinversi\u00f3n minera son la pavimentaci\u00f3n de las rutas N\u00b047 y N\u00b0113, en los tramos Chaquiago-Choya y Chaquiago-Potrero.<\/span><\/p>\n<p class=\"v1MsoNormal\"><span lang=\"ES\">Por \u00faltimo, en la reuni\u00f3n el Gobernador confirm\u00f3 que el 16 de junio pr\u00f3ximo visitar\u00e1 Andalgal\u00e1 para inaugurar las refacciones en el IES.<\/span><\/p>\n<p class=\"v1MsoNormal\">\n<p class=\"v1MsoNormal\"><span lang=\"ES\">Tambi\u00e9n fueron parte del encuentro de trabajo el vicegobernador Rub\u00e9n Dusso; el ministro de Miner\u00eda, Marcelo Murua, y el director de YMAD, Fernando Jalil.<\/span><\/p>\n","protected":false},"excerpt":{"rendered":"<p>En el marco de la Expo Minera que tiene lugar en San Juan, el gobernador Ra\u00fal Jalil se reuni\u00f3 con el country manager de Glencore Cobre Argentina, Juan Donicelli, y el presidente de YMAD, Juan Limodio, para conocerlos avances del proyecto minero en Andalgal\u00e1. En el encuentro dialogaron sobre las acciones futuras a concretar por [&hellip;]<\/p>\n","protected":false},"author":2,"featured_media":679,"comment_status":"open","ping_status":"open","sticky":false,"template":"","format":"standard","meta":{"footnotes":""},"categories":[23,20],"tags":[],"class_list":{"0":"post-678","1":"post","2":"type-post","3":"status-publish","4":"format-standard","5":"has-post-thumbnail","7":"category-destacados","8":"category-sociedad"},"aioseo_notices":[],"_links":{"self":[{"href":"https:\/\/elfaroonline.com.ar\/index.php\/wp-json\/wp\/v2\/posts\/678","targetHints":{"allow":["GET"]}}],"collection":[{"href":"https:\/\/elfaroonline.com.ar\/index.php\/wp-json\/wp\/v2\/posts"}],"about":[{"href":"https:\/\/elfaroonline.com.ar\/index.php\/wp-json\/wp\/v2\/types\/post"}],"author":[{"embeddable":true,"href":"https:\/\/elfaroonline.com.ar\/index.php\/wp-json\/wp\/v2\/users\/2"}],"replies":[{"embeddable":true,"href":"https:\/\/elfaroonline.com.ar\/index.php\/wp-json\/wp\/v2\/comments?post=678"}],"version-history":[{"count":1,"href":"https:\/\/elfaroonline.com.ar\/index.php\/wp-json\/wp\/v2\/posts\/678\/revisions"}],"predecessor-version":[{"id":680,"href":"https:\/\/elfaroonline.com.ar\/index.php\/wp-json\/wp\/v2\/posts\/678\/revisions\/680"}],"wp:featuredmedia":[{"embeddable":true,"href":"https:\/\/elfaroonline.com.ar\/index.php\/wp-json\/wp\/v2\/media\/679"}],"wp:attachment":[{"href":"https:\/\/elfaroonline.com.ar\/index.php\/wp-json\/wp\/v2\/media?parent=678"}],"wp:term":[{"taxonomy":"category","embeddable":true,"href":"https:\/\/elfaroonline.com.ar\/index.php\/wp-json\/wp\/v2\/categories?post=678"},{"taxonomy":"post_tag","embeddable":true,"href":"https:\/\/elfaroonline.com.ar\/index.php\/wp-json\/wp\/v2\/tags?post=678"}],"curies":[{"name":"wp","href":"https:\/\/api.w.org\/{rel}","templated":true}]}}