{"id":733,"date":"2024-05-27T07:27:00","date_gmt":"2024-05-27T10:27:00","guid":{"rendered":"https:\/\/elfaroonline.com.ar\/?p=733"},"modified":"2024-05-27T07:27:00","modified_gmt":"2024-05-27T10:27:00","slug":"el-gobierno-confirma-bonos-para-las-fuerzas-de-seguridad","status":"publish","type":"post","link":"https:\/\/elfaroonline.com.ar\/index.php\/2024\/05\/27\/el-gobierno-confirma-bonos-para-las-fuerzas-de-seguridad\/","title":{"rendered":"El Gobierno confirma bonos para las fuerzas de seguridad"},"content":{"rendered":"<div>\n<p class=\"v1MsoNormal\">El Gobierno de la provincia confirm\u00f3 el pago de bonificaciones extraordinarias para las fuerzas de seguridad, que incluye al personal activo y autoconvocados.<\/p>\n<p class=\"v1MsoNormal\">El monto de la bonificaci\u00f3n ser\u00e1 de $30.000, a pagar en los meses de mayo y junio. Tambi\u00e9n se confirm\u00f3 que habr\u00e1 una actualizaci\u00f3n salarial en el mes de julio con el resto de la administraci\u00f3n p\u00fablica provincial.<\/p>\n<p class=\"v1MsoNormal\">Es importante mencionar que las fuerzas de seguridad de la provincia, desde el mes de enero de 2024, han tenido un incremento de haberes del 94% al que se suman los bonos.<\/p>\n<\/div>\n","protected":false},"excerpt":{"rendered":"<p>El Gobierno de la provincia confirm\u00f3 el pago de bonificaciones extraordinarias para las fuerzas de seguridad, que incluye al personal activo y autoconvocados. El monto de la bonificaci\u00f3n ser\u00e1 de $30.000, a pagar en los meses de mayo y junio. Tambi\u00e9n se confirm\u00f3 que habr\u00e1 una actualizaci\u00f3n salarial en el mes de julio con el [&hellip;]<\/p>\n","protected":false},"author":2,"featured_media":734,"comment_status":"open","ping_status":"open","sticky":false,"template":"","format":"standard","meta":{"footnotes":""},"categories":[23,27],"tags":[],"class_list":{"0":"post-733","1":"post","2":"type-post","3":"status-publish","4":"format-standard","5":"has-post-thumbnail","7":"category-destacados","8":"category-policiales"},"aioseo_notices":[],"_links":{"self":[{"href":"https:\/\/elfaroonline.com.ar\/index.php\/wp-json\/wp\/v2\/posts\/733","targetHints":{"allow":["GET"]}}],"collection":[{"href":"https:\/\/elfaroonline.com.ar\/index.php\/wp-json\/wp\/v2\/posts"}],"about":[{"href":"https:\/\/elfaroonline.com.ar\/index.php\/wp-json\/wp\/v2\/types\/post"}],"author":[{"embeddable":true,"href":"https:\/\/elfaroonline.com.ar\/index.php\/wp-json\/wp\/v2\/users\/2"}],"replies":[{"embeddable":true,"href":"https:\/\/elfaroonline.com.ar\/index.php\/wp-json\/wp\/v2\/comments?post=733"}],"version-history":[{"count":1,"href":"https:\/\/elfaroonline.com.ar\/index.php\/wp-json\/wp\/v2\/posts\/733\/revisions"}],"predecessor-version":[{"id":735,"href":"https:\/\/elfaroonline.com.ar\/index.php\/wp-json\/wp\/v2\/posts\/733\/revisions\/735"}],"wp:featuredmedia":[{"embeddable":true,"href":"https:\/\/elfaroonline.com.ar\/index.php\/wp-json\/wp\/v2\/media\/734"}],"wp:attachment":[{"href":"https:\/\/elfaroonline.com.ar\/index.php\/wp-json\/wp\/v2\/media?parent=733"}],"wp:term":[{"taxonomy":"category","embeddable":true,"href":"https:\/\/elfaroonline.com.ar\/index.php\/wp-json\/wp\/v2\/categories?post=733"},{"taxonomy":"post_tag","embeddable":true,"href":"https:\/\/elfaroonline.com.ar\/index.php\/wp-json\/wp\/v2\/tags?post=733"}],"curies":[{"name":"wp","href":"https:\/\/api.w.org\/{rel}","templated":true}]}}