{"id":743,"date":"2024-05-29T11:11:24","date_gmt":"2024-05-29T14:11:24","guid":{"rendered":"https:\/\/elfaroonline.com.ar\/?p=743"},"modified":"2024-05-29T11:11:24","modified_gmt":"2024-05-29T14:11:24","slug":"yapura-y-cata-con-estudios-de-consumo-de-oxigeno","status":"publish","type":"post","link":"https:\/\/elfaroonline.com.ar\/index.php\/2024\/05\/29\/yapura-y-cata-con-estudios-de-consumo-de-oxigeno\/","title":{"rendered":"Yapura y Cata, con estudios de consumo de ox\u00edgeno"},"content":{"rendered":"<p class=\"v1MsoNormal\">Con el fin de ser evaluados, los ciclistas de ruta Gonzalo Yapura y Franco Cata se presentaron en la Direcci\u00f3n Provincial de Rendimiento Deportivo de la Secretar\u00eda de Deportes dependiente del Ministerio de Cultura, Turismo y Deporte de Catamarca.<\/p>\n<p class=\"v1MsoNormal\">Yapura, quien se someti\u00f3 al estudio de consumo de ox\u00edgeno en bicicleta con rodillo inteligente, coment\u00f3 al staff de profesionales que su objetivo m\u00e1s pr\u00f3ximo es viajar a Bruselas (B\u00e9lgica) a fines de junio para ser parte del equipo continental Java Junior Team.<\/p>\n<p class=\"v1MsoNormal\">&#8220;Ir a Europa es un sue\u00f1o que tengo desde chico. Ojal\u00e1 pueda juntar todos los fondos que necesito para poder viajar. Quiero prepararme muy bien para poder dejar bien representada a Catamarca y a la Argentina&#8221;, dijo el joven de 17 a\u00f1os, a lo que agreg\u00f3 que espera llegar a disputar el Mundial de la disciplina que se llevar\u00e1 a cabo en Suiza, a fines de agosto pr\u00f3ximo.<\/p>\n<p class=\"v1MsoNormal\">En tanto que el andalgalense Cata, de 37 a\u00f1os, se someti\u00f3 a una prueba de consumo, pero a diferencia de su par la desarroll\u00f3 en bicicleta convencional. &#8220;Voy a estar participando el 7 y 8 de junio en Vuelta a La Paz en Recreo, y despu\u00e9s a mediados de julio en el Gran Premio Fiesta Nacional del Poncho&#8221;, sostuvo.<\/p>\n<p class=\"v1MsoNormal\">Cabe se\u00f1alar que Rendimiento Deportivo tiene como objetivo evaluar y asesorar a todos aquellos que pudieran representar a Catamarca a nivel nacional o internacional, tanto en el mediano como en el alto rendimiento.<\/p>\n","protected":false},"excerpt":{"rendered":"<p>Con el fin de ser evaluados, los ciclistas de ruta Gonzalo Yapura y Franco Cata se presentaron en la Direcci\u00f3n Provincial de Rendimiento Deportivo de la Secretar\u00eda de Deportes dependiente del Ministerio de Cultura, Turismo y Deporte de Catamarca. Yapura, quien se someti\u00f3 al estudio de consumo de ox\u00edgeno en bicicleta con rodillo inteligente, coment\u00f3 [&hellip;]<\/p>\n","protected":false},"author":2,"featured_media":744,"comment_status":"open","ping_status":"open","sticky":false,"template":"","format":"standard","meta":{"footnotes":""},"categories":[25,23],"tags":[],"class_list":{"0":"post-743","1":"post","2":"type-post","3":"status-publish","4":"format-standard","5":"has-post-thumbnail","7":"category-deportes","8":"category-destacados"},"aioseo_notices":[],"_links":{"self":[{"href":"https:\/\/elfaroonline.com.ar\/index.php\/wp-json\/wp\/v2\/posts\/743","targetHints":{"allow":["GET"]}}],"collection":[{"href":"https:\/\/elfaroonline.com.ar\/index.php\/wp-json\/wp\/v2\/posts"}],"about":[{"href":"https:\/\/elfaroonline.com.ar\/index.php\/wp-json\/wp\/v2\/types\/post"}],"author":[{"embeddable":true,"href":"https:\/\/elfaroonline.com.ar\/index.php\/wp-json\/wp\/v2\/users\/2"}],"replies":[{"embeddable":true,"href":"https:\/\/elfaroonline.com.ar\/index.php\/wp-json\/wp\/v2\/comments?post=743"}],"version-history":[{"count":1,"href":"https:\/\/elfaroonline.com.ar\/index.php\/wp-json\/wp\/v2\/posts\/743\/revisions"}],"predecessor-version":[{"id":745,"href":"https:\/\/elfaroonline.com.ar\/index.php\/wp-json\/wp\/v2\/posts\/743\/revisions\/745"}],"wp:featuredmedia":[{"embeddable":true,"href":"https:\/\/elfaroonline.com.ar\/index.php\/wp-json\/wp\/v2\/media\/744"}],"wp:attachment":[{"href":"https:\/\/elfaroonline.com.ar\/index.php\/wp-json\/wp\/v2\/media?parent=743"}],"wp:term":[{"taxonomy":"category","embeddable":true,"href":"https:\/\/elfaroonline.com.ar\/index.php\/wp-json\/wp\/v2\/categories?post=743"},{"taxonomy":"post_tag","embeddable":true,"href":"https:\/\/elfaroonline.com.ar\/index.php\/wp-json\/wp\/v2\/tags?post=743"}],"curies":[{"name":"wp","href":"https:\/\/api.w.org\/{rel}","templated":true}]}}