{"id":756,"date":"2024-05-29T20:05:45","date_gmt":"2024-05-29T23:05:45","guid":{"rendered":"https:\/\/elfaroonline.com.ar\/?p=756"},"modified":"2024-05-29T20:05:45","modified_gmt":"2024-05-29T23:05:45","slug":"muerte-del-policia-ramirez-rechazaron-los-pedidos-de-avalos","status":"publish","type":"post","link":"https:\/\/elfaroonline.com.ar\/index.php\/2024\/05\/29\/muerte-del-policia-ramirez-rechazaron-los-pedidos-de-avalos\/","title":{"rendered":"Muerte del polic\u00eda Ram\u00edrez: rechazaron los pedidos de \u00c1valos"},"content":{"rendered":"<p>El juez de Control de Garant\u00edas N\u00b01, H\u00e9ctor Rodolfo Maidana rechaz\u00f3 los pedidos de cambio de calificaci\u00f3n legal y de cese de prisi\u00f3n solicitados por la defensa del polic\u00eda <strong>Franco Emanuel Avalos<\/strong>, investigado por la muerte de su colega<strong> Oscar Ram\u00edrez<\/strong> y por la cual fue imputado por \u201chomicidio simple con dolo eventual, agravado por el uso de arma de fuego\u201d.<\/p>\n<p>La presentaci\u00f3n hab\u00eda sido realizada por su defensor, el abogado Roberto Mazzuco.<\/p>\n<p>Ram\u00edrez muri\u00f3 tras recibir un disparo en la cabeza el vienes 2 de junio de 2023, en el edificio del Grupo de Infanter\u00eda Motorizada de Acci\u00f3n R\u00e1pida (GIMAR. Seg\u00fan las pericias, ocurri\u00f3 cuando \u00c1valos manipulaba un arma de fuego.<\/p>\n","protected":false},"excerpt":{"rendered":"<p>El juez de Control de Garant\u00edas N\u00b01, H\u00e9ctor Rodolfo Maidana rechaz\u00f3 los pedidos de cambio de calificaci\u00f3n legal y de cese de prisi\u00f3n solicitados por la defensa del polic\u00eda Franco Emanuel Avalos, investigado por la muerte de su colega Oscar Ram\u00edrez y por la cual fue imputado por \u201chomicidio simple con dolo eventual, agravado por [&hellip;]<\/p>\n","protected":false},"author":2,"featured_media":757,"comment_status":"open","ping_status":"open","sticky":false,"template":"","format":"standard","meta":{"footnotes":""},"categories":[27],"tags":[],"class_list":{"0":"post-756","1":"post","2":"type-post","3":"status-publish","4":"format-standard","5":"has-post-thumbnail","7":"category-policiales"},"aioseo_notices":[],"_links":{"self":[{"href":"https:\/\/elfaroonline.com.ar\/index.php\/wp-json\/wp\/v2\/posts\/756","targetHints":{"allow":["GET"]}}],"collection":[{"href":"https:\/\/elfaroonline.com.ar\/index.php\/wp-json\/wp\/v2\/posts"}],"about":[{"href":"https:\/\/elfaroonline.com.ar\/index.php\/wp-json\/wp\/v2\/types\/post"}],"author":[{"embeddable":true,"href":"https:\/\/elfaroonline.com.ar\/index.php\/wp-json\/wp\/v2\/users\/2"}],"replies":[{"embeddable":true,"href":"https:\/\/elfaroonline.com.ar\/index.php\/wp-json\/wp\/v2\/comments?post=756"}],"version-history":[{"count":1,"href":"https:\/\/elfaroonline.com.ar\/index.php\/wp-json\/wp\/v2\/posts\/756\/revisions"}],"predecessor-version":[{"id":758,"href":"https:\/\/elfaroonline.com.ar\/index.php\/wp-json\/wp\/v2\/posts\/756\/revisions\/758"}],"wp:featuredmedia":[{"embeddable":true,"href":"https:\/\/elfaroonline.com.ar\/index.php\/wp-json\/wp\/v2\/media\/757"}],"wp:attachment":[{"href":"https:\/\/elfaroonline.com.ar\/index.php\/wp-json\/wp\/v2\/media?parent=756"}],"wp:term":[{"taxonomy":"category","embeddable":true,"href":"https:\/\/elfaroonline.com.ar\/index.php\/wp-json\/wp\/v2\/categories?post=756"},{"taxonomy":"post_tag","embeddable":true,"href":"https:\/\/elfaroonline.com.ar\/index.php\/wp-json\/wp\/v2\/tags?post=756"}],"curies":[{"name":"wp","href":"https:\/\/api.w.org\/{rel}","templated":true}]}}