{"id":759,"date":"2024-05-30T14:26:49","date_gmt":"2024-05-30T17:26:49","guid":{"rendered":"https:\/\/elfaroonline.com.ar\/?p=759"},"modified":"2024-05-30T14:26:49","modified_gmt":"2024-05-30T17:26:49","slug":"jalil-viajo-a-buenos-aires-en-clase-turista-para-realizar-gestiones-ante-nacion","status":"publish","type":"post","link":"https:\/\/elfaroonline.com.ar\/index.php\/2024\/05\/30\/jalil-viajo-a-buenos-aires-en-clase-turista-para-realizar-gestiones-ante-nacion\/","title":{"rendered":"Jalil viaj\u00f3 a Buenos Aires en clase turista para realizar gestiones ante Naci\u00f3n"},"content":{"rendered":"<p class=\"p1\"><span class=\"s1\">El Gobernador de la provincia, Ra\u00fal Jalil, fue fotografiado circunstancialmente por un usuario de la red social X cu\u00e1ndo se dirig\u00eda a Buenos Aires para realizar gestiones ante organismos nacionales y buscar beneficios para Catamarca.<\/span><\/p>\n<p class=\"p1\"><span class=\"s1\">Cabe destacar que el primer mandatario en la jornada de ayer gestion\u00f3 fondos ante el CFI para fortalecer las PyMEs catamarque\u00f1as.<\/span><\/p>\n<p class=\"p1\"><span class=\"s1\"><img loading=\"lazy\" decoding=\"async\" class=\"alignnone size-medium wp-image-763\" src=\"https:\/\/elfaroonline.com.ar\/wp-content\/uploads\/2024\/05\/IMG_7176.jpeg\" alt=\"\" width=\"437\" height=\"900\" srcset=\"https:\/\/elfaroonline.com.ar\/wp-content\/uploads\/2024\/05\/IMG_7176.jpeg 437w, https:\/\/elfaroonline.com.ar\/wp-content\/uploads\/2024\/05\/IMG_7176-150x309.jpeg 150w, https:\/\/elfaroonline.com.ar\/wp-content\/uploads\/2024\/05\/IMG_7176-300x618.jpeg 300w\" sizes=\"auto, (max-width: 437px) 100vw, 437px\" \/><br \/>\n<strong>La publicaci\u00f3n en X<\/strong><img loading=\"lazy\" decoding=\"async\" class=\"alignnone size-medium wp-image-764\" src=\"https:\/\/elfaroonline.com.ar\/wp-content\/uploads\/2024\/05\/IMG_7178.jpeg\" alt=\"\" width=\"1290\" height=\"1275\" srcset=\"https:\/\/elfaroonline.com.ar\/wp-content\/uploads\/2024\/05\/IMG_7178.jpeg 1290w, https:\/\/elfaroonline.com.ar\/wp-content\/uploads\/2024\/05\/IMG_7178-150x148.jpeg 150w, https:\/\/elfaroonline.com.ar\/wp-content\/uploads\/2024\/05\/IMG_7178-300x297.jpeg 300w, https:\/\/elfaroonline.com.ar\/wp-content\/uploads\/2024\/05\/IMG_7178-696x688.jpeg 696w, https:\/\/elfaroonline.com.ar\/wp-content\/uploads\/2024\/05\/IMG_7178-1068x1056.jpeg 1068w\" sizes=\"auto, (max-width: 1290px) 100vw, 1290px\" \/>Del viaje junto al propio Jalil tambi\u00e9n participan varios ministros y ministras que gestionar\u00e1n ante el gobierno nacional beneficios para la sociedad catamarque\u00f1a.<\/span><\/p>\n","protected":false},"excerpt":{"rendered":"<p>El Gobernador de la provincia, Ra\u00fal Jalil, fue fotografiado circunstancialmente por un usuario de la red social X cu\u00e1ndo se dirig\u00eda a Buenos Aires para realizar gestiones ante organismos nacionales y buscar beneficios para Catamarca. Cabe destacar que el primer mandatario en la jornada de ayer gestion\u00f3 fondos ante el CFI para fortalecer las PyMEs [&hellip;]<\/p>\n","protected":false},"author":2,"featured_media":762,"comment_status":"open","ping_status":"open","sticky":false,"template":"","format":"standard","meta":{"footnotes":""},"categories":[23,21],"tags":[],"class_list":{"0":"post-759","1":"post","2":"type-post","3":"status-publish","4":"format-standard","5":"has-post-thumbnail","7":"category-destacados","8":"category-politica"},"aioseo_notices":[],"_links":{"self":[{"href":"https:\/\/elfaroonline.com.ar\/index.php\/wp-json\/wp\/v2\/posts\/759","targetHints":{"allow":["GET"]}}],"collection":[{"href":"https:\/\/elfaroonline.com.ar\/index.php\/wp-json\/wp\/v2\/posts"}],"about":[{"href":"https:\/\/elfaroonline.com.ar\/index.php\/wp-json\/wp\/v2\/types\/post"}],"author":[{"embeddable":true,"href":"https:\/\/elfaroonline.com.ar\/index.php\/wp-json\/wp\/v2\/users\/2"}],"replies":[{"embeddable":true,"href":"https:\/\/elfaroonline.com.ar\/index.php\/wp-json\/wp\/v2\/comments?post=759"}],"version-history":[{"count":2,"href":"https:\/\/elfaroonline.com.ar\/index.php\/wp-json\/wp\/v2\/posts\/759\/revisions"}],"predecessor-version":[{"id":765,"href":"https:\/\/elfaroonline.com.ar\/index.php\/wp-json\/wp\/v2\/posts\/759\/revisions\/765"}],"wp:featuredmedia":[{"embeddable":true,"href":"https:\/\/elfaroonline.com.ar\/index.php\/wp-json\/wp\/v2\/media\/762"}],"wp:attachment":[{"href":"https:\/\/elfaroonline.com.ar\/index.php\/wp-json\/wp\/v2\/media?parent=759"}],"wp:term":[{"taxonomy":"category","embeddable":true,"href":"https:\/\/elfaroonline.com.ar\/index.php\/wp-json\/wp\/v2\/categories?post=759"},{"taxonomy":"post_tag","embeddable":true,"href":"https:\/\/elfaroonline.com.ar\/index.php\/wp-json\/wp\/v2\/tags?post=759"}],"curies":[{"name":"wp","href":"https:\/\/api.w.org\/{rel}","templated":true}]}}