{"id":766,"date":"2024-05-30T14:29:32","date_gmt":"2024-05-30T17:29:32","guid":{"rendered":"https:\/\/elfaroonline.com.ar\/?p=766"},"modified":"2024-05-30T14:29:32","modified_gmt":"2024-05-30T17:29:32","slug":"acreditacion-de-haberes-para-la-administracion-publica","status":"publish","type":"post","link":"https:\/\/elfaroonline.com.ar\/index.php\/2024\/05\/30\/acreditacion-de-haberes-para-la-administracion-publica\/","title":{"rendered":"Acreditaci\u00f3n de haberes para la Administraci\u00f3n P\u00fablica"},"content":{"rendered":"<p class=\"v1MsoNormal\">El Ministerio de Econom\u00eda informa que la acreditaci\u00f3n de haberes del mes de mayo se realizar\u00e1 conforme al siguiente cronograma:<\/p>\n<p class=\"v1MsoNormal\">\n<p class=\"v1MsoNormal\">\u00a0<b>Martes 4 de junio:<\/b> Organismos de la Administraci\u00f3n P\u00fablica<\/p>\n<p class=\"v1MsoNormal\">\n<p class=\"v1MsoNormal\"><b>\u00a0Mi\u00e9rcoles 5 de junio:<\/b> Docentes<\/p>\n","protected":false},"excerpt":{"rendered":"<p>El Ministerio de Econom\u00eda informa que la acreditaci\u00f3n de haberes del mes de mayo se realizar\u00e1 conforme al siguiente cronograma: \u00a0Martes 4 de junio: Organismos de la Administraci\u00f3n P\u00fablica \u00a0Mi\u00e9rcoles 5 de junio: Docentes<\/p>\n","protected":false},"author":2,"featured_media":767,"comment_status":"open","ping_status":"open","sticky":false,"template":"","format":"standard","meta":{"footnotes":""},"categories":[23,20],"tags":[],"class_list":{"0":"post-766","1":"post","2":"type-post","3":"status-publish","4":"format-standard","5":"has-post-thumbnail","7":"category-destacados","8":"category-sociedad"},"aioseo_notices":[],"_links":{"self":[{"href":"https:\/\/elfaroonline.com.ar\/index.php\/wp-json\/wp\/v2\/posts\/766","targetHints":{"allow":["GET"]}}],"collection":[{"href":"https:\/\/elfaroonline.com.ar\/index.php\/wp-json\/wp\/v2\/posts"}],"about":[{"href":"https:\/\/elfaroonline.com.ar\/index.php\/wp-json\/wp\/v2\/types\/post"}],"author":[{"embeddable":true,"href":"https:\/\/elfaroonline.com.ar\/index.php\/wp-json\/wp\/v2\/users\/2"}],"replies":[{"embeddable":true,"href":"https:\/\/elfaroonline.com.ar\/index.php\/wp-json\/wp\/v2\/comments?post=766"}],"version-history":[{"count":1,"href":"https:\/\/elfaroonline.com.ar\/index.php\/wp-json\/wp\/v2\/posts\/766\/revisions"}],"predecessor-version":[{"id":768,"href":"https:\/\/elfaroonline.com.ar\/index.php\/wp-json\/wp\/v2\/posts\/766\/revisions\/768"}],"wp:featuredmedia":[{"embeddable":true,"href":"https:\/\/elfaroonline.com.ar\/index.php\/wp-json\/wp\/v2\/media\/767"}],"wp:attachment":[{"href":"https:\/\/elfaroonline.com.ar\/index.php\/wp-json\/wp\/v2\/media?parent=766"}],"wp:term":[{"taxonomy":"category","embeddable":true,"href":"https:\/\/elfaroonline.com.ar\/index.php\/wp-json\/wp\/v2\/categories?post=766"},{"taxonomy":"post_tag","embeddable":true,"href":"https:\/\/elfaroonline.com.ar\/index.php\/wp-json\/wp\/v2\/tags?post=766"}],"curies":[{"name":"wp","href":"https:\/\/api.w.org\/{rel}","templated":true}]}}