{"id":770,"date":"2024-05-31T07:05:38","date_gmt":"2024-05-31T10:05:38","guid":{"rendered":"https:\/\/elfaroonline.com.ar\/?p=770"},"modified":"2024-05-31T07:05:38","modified_gmt":"2024-05-31T10:05:38","slug":"por-gestiones-del-gobernador-raul-jalil-se-reactivaran-las-obras-de-fibra-optica-en-el-oeste","status":"publish","type":"post","link":"https:\/\/elfaroonline.com.ar\/index.php\/2024\/05\/31\/por-gestiones-del-gobernador-raul-jalil-se-reactivaran-las-obras-de-fibra-optica-en-el-oeste\/","title":{"rendered":"Por gestiones del gobernador Ra\u00fal Jalil, se reactivar\u00e1n las obras de fibra \u00f3ptica en el Oeste"},"content":{"rendered":"<p class=\"v1MsoNormal\">Dentro de la agenda de trabajo en Buenos Aires, el gobernador Ra\u00fal Jalil fue recibido por el presidente de la empresa ARSAT, Mariano Greco, en el marco de las gestiones que se llevan adelante por el financiamiento de obras de tendido de fibra \u00f3ptica en Catamarca, ejecutadas a trav\u00e9s de Catamarca Telecomunicaciones SAPEM.<\/p>\n<p class=\"v1MsoNormal\">En la reuni\u00f3n se acord\u00f3 retomar los tramos El Salado-Fiambal\u00e1 (100 km) y Villa Maz\u00e1n-Andalgal\u00e1 (154 km), que se encuentran en su etapa final de ejecuci\u00f3n. Con estas dos trazas en funcionamiento se podr\u00e1 mejorar el servicio de internet en numerosas localidades de los departamentos Pom\u00e1n, Andalgal\u00e1 y Tinogasta.<\/p>\n<p class=\"v1MsoNormal\">Adem\u00e1s, se gestion\u00f3 el pr\u00f3ximo inicio de la obra de soterrado de fibra en el Paso de San Francisco, con financiamiento aprobado de parte de ARSAT y ENaCom.<\/p>\n<p class=\"v1MsoNormal\">&#8220;Dotar de infraestructura y conectividad al Paso de San Francisco es clave para el desarrollo del Corredor Bioce\u00e1nico y servir\u00e1 para mejorar los procesos log\u00edsticos de los sectores minero, agroindustrial y tur\u00edstico&#8221;, se\u00f1al\u00f3 el Gobernador tras el encuentro.<\/p>\n<p>Participaron de la reuni\u00f3n el ministro de Inclusi\u00f3n Digital y Sistemas Productivos, Juan Cruz Miranda, y los gerentes de ARSAT Gerardo Renzetti y Santiago Trezza.<\/p>\n","protected":false},"excerpt":{"rendered":"<p>Dentro de la agenda de trabajo en Buenos Aires, el gobernador Ra\u00fal Jalil fue recibido por el presidente de la empresa ARSAT, Mariano Greco, en el marco de las gestiones que se llevan adelante por el financiamiento de obras de tendido de fibra \u00f3ptica en Catamarca, ejecutadas a trav\u00e9s de Catamarca Telecomunicaciones SAPEM. En la [&hellip;]<\/p>\n","protected":false},"author":2,"featured_media":771,"comment_status":"open","ping_status":"open","sticky":false,"template":"","format":"standard","meta":{"footnotes":""},"categories":[23,21],"tags":[],"class_list":{"0":"post-770","1":"post","2":"type-post","3":"status-publish","4":"format-standard","5":"has-post-thumbnail","7":"category-destacados","8":"category-politica"},"aioseo_notices":[],"_links":{"self":[{"href":"https:\/\/elfaroonline.com.ar\/index.php\/wp-json\/wp\/v2\/posts\/770","targetHints":{"allow":["GET"]}}],"collection":[{"href":"https:\/\/elfaroonline.com.ar\/index.php\/wp-json\/wp\/v2\/posts"}],"about":[{"href":"https:\/\/elfaroonline.com.ar\/index.php\/wp-json\/wp\/v2\/types\/post"}],"author":[{"embeddable":true,"href":"https:\/\/elfaroonline.com.ar\/index.php\/wp-json\/wp\/v2\/users\/2"}],"replies":[{"embeddable":true,"href":"https:\/\/elfaroonline.com.ar\/index.php\/wp-json\/wp\/v2\/comments?post=770"}],"version-history":[{"count":1,"href":"https:\/\/elfaroonline.com.ar\/index.php\/wp-json\/wp\/v2\/posts\/770\/revisions"}],"predecessor-version":[{"id":772,"href":"https:\/\/elfaroonline.com.ar\/index.php\/wp-json\/wp\/v2\/posts\/770\/revisions\/772"}],"wp:featuredmedia":[{"embeddable":true,"href":"https:\/\/elfaroonline.com.ar\/index.php\/wp-json\/wp\/v2\/media\/771"}],"wp:attachment":[{"href":"https:\/\/elfaroonline.com.ar\/index.php\/wp-json\/wp\/v2\/media?parent=770"}],"wp:term":[{"taxonomy":"category","embeddable":true,"href":"https:\/\/elfaroonline.com.ar\/index.php\/wp-json\/wp\/v2\/categories?post=770"},{"taxonomy":"post_tag","embeddable":true,"href":"https:\/\/elfaroonline.com.ar\/index.php\/wp-json\/wp\/v2\/tags?post=770"}],"curies":[{"name":"wp","href":"https:\/\/api.w.org\/{rel}","templated":true}]}}