{"id":773,"date":"2024-05-31T07:08:52","date_gmt":"2024-05-31T10:08:52","guid":{"rendered":"https:\/\/elfaroonline.com.ar\/?p=773"},"modified":"2024-05-31T07:08:52","modified_gmt":"2024-05-31T10:08:52","slug":"los-gremios-docentes-de-la-provincia-apoyaron-el-proyecto-de-educacion-disruptiva","status":"publish","type":"post","link":"https:\/\/elfaroonline.com.ar\/index.php\/2024\/05\/31\/los-gremios-docentes-de-la-provincia-apoyaron-el-proyecto-de-educacion-disruptiva\/","title":{"rendered":"Los gremios docentes de la provincia apoyaron el proyecto de educaci\u00f3n disruptiva"},"content":{"rendered":"<div>\n<p class=\"v1MsoNormal\">En el marco de la paritaria pedag\u00f3gica, el ministro de Educaci\u00f3n, Dalmacio Mera, recibi\u00f3 a los gremios docentes UDA, SADOP, SIDCA, ATECa y SUTECa, con el fin de dialogar sobre el nuevo proyecto de educaci\u00f3n disruptiva que se busca implementar en Catamarca.<\/p>\n<p class=\"v1MsoNormal\">De esta manera, el titular de la cartera educativa local, acompa\u00f1ado por la secretaria de Gesti\u00f3n Educativa, Anah\u00ed Perea y los secretarios de Coordinaci\u00f3n Institucional, Marcelo Cama\u00f1o y de Bienestar Integral y Desarrollo Educativo, Carlos Pereyra, brind\u00f3 detalles de los principales ejes del proyecto que busca la integraci\u00f3n de las metodolog\u00edas de la tecnolog\u00eda del aprendizaje y el conocimiento en los todos niveles educativos y modalidades establecidas en la Ley N\u00b05.381.<\/p>\n<p class=\"v1MsoNormal\">En este sentido, Mera explic\u00f3 que la implementaci\u00f3n se realizar\u00e1 de manera paulatina en escuelas pilotos localizadas, para poder efectuar un seguimiento y medir de esta manera los resultados obtenidos en dichos establecimientos educativos.<\/p>\n<p class=\"v1MsoNormal\">Por su parte, los representantes gremiales hicieron hincapi\u00e9 en la necesidad de capacitar a los docentes de la provincia, como as\u00ed tambi\u00e9n, solicitaron por la actualizaci\u00f3n de contenidos curriculares para todos los niveles educativos.<\/p>\n<\/div>\n","protected":false},"excerpt":{"rendered":"<p>En el marco de la paritaria pedag\u00f3gica, el ministro de Educaci\u00f3n, Dalmacio Mera, recibi\u00f3 a los gremios docentes UDA, SADOP, SIDCA, ATECa y SUTECa, con el fin de dialogar sobre el nuevo proyecto de educaci\u00f3n disruptiva que se busca implementar en Catamarca. De esta manera, el titular de la cartera educativa local, acompa\u00f1ado por la [&hellip;]<\/p>\n","protected":false},"author":2,"featured_media":774,"comment_status":"open","ping_status":"open","sticky":false,"template":"","format":"standard","meta":{"footnotes":""},"categories":[23,20],"tags":[],"class_list":{"0":"post-773","1":"post","2":"type-post","3":"status-publish","4":"format-standard","5":"has-post-thumbnail","7":"category-destacados","8":"category-sociedad"},"aioseo_notices":[],"_links":{"self":[{"href":"https:\/\/elfaroonline.com.ar\/index.php\/wp-json\/wp\/v2\/posts\/773","targetHints":{"allow":["GET"]}}],"collection":[{"href":"https:\/\/elfaroonline.com.ar\/index.php\/wp-json\/wp\/v2\/posts"}],"about":[{"href":"https:\/\/elfaroonline.com.ar\/index.php\/wp-json\/wp\/v2\/types\/post"}],"author":[{"embeddable":true,"href":"https:\/\/elfaroonline.com.ar\/index.php\/wp-json\/wp\/v2\/users\/2"}],"replies":[{"embeddable":true,"href":"https:\/\/elfaroonline.com.ar\/index.php\/wp-json\/wp\/v2\/comments?post=773"}],"version-history":[{"count":1,"href":"https:\/\/elfaroonline.com.ar\/index.php\/wp-json\/wp\/v2\/posts\/773\/revisions"}],"predecessor-version":[{"id":775,"href":"https:\/\/elfaroonline.com.ar\/index.php\/wp-json\/wp\/v2\/posts\/773\/revisions\/775"}],"wp:featuredmedia":[{"embeddable":true,"href":"https:\/\/elfaroonline.com.ar\/index.php\/wp-json\/wp\/v2\/media\/774"}],"wp:attachment":[{"href":"https:\/\/elfaroonline.com.ar\/index.php\/wp-json\/wp\/v2\/media?parent=773"}],"wp:term":[{"taxonomy":"category","embeddable":true,"href":"https:\/\/elfaroonline.com.ar\/index.php\/wp-json\/wp\/v2\/categories?post=773"},{"taxonomy":"post_tag","embeddable":true,"href":"https:\/\/elfaroonline.com.ar\/index.php\/wp-json\/wp\/v2\/tags?post=773"}],"curies":[{"name":"wp","href":"https:\/\/api.w.org\/{rel}","templated":true}]}}