{"id":776,"date":"2024-05-31T07:12:41","date_gmt":"2024-05-31T10:12:41","guid":{"rendered":"https:\/\/elfaroonline.com.ar\/?p=776"},"modified":"2024-05-31T07:12:41","modified_gmt":"2024-05-31T10:12:41","slug":"operativo-de-transporte-secuestran-colectivo-que-trasladaba-alumnos-sin-autorizacion","status":"publish","type":"post","link":"https:\/\/elfaroonline.com.ar\/index.php\/2024\/05\/31\/operativo-de-transporte-secuestran-colectivo-que-trasladaba-alumnos-sin-autorizacion\/","title":{"rendered":"Operativo de Transporte: Secuestran colectivo que trasladaba alumnos sin autorizaci\u00f3n"},"content":{"rendered":"<p class=\"v1MsoNormal\">En un operativo realizado ayer al mediod\u00eda, la Secretar\u00eda de Transporte, dependiente del Ministerio de Integraci\u00f3n Regional, Log\u00edstica y Transporte, procedi\u00f3 al secuestro de un veh\u00edculo de transporte de pasajeros que circulaba sin la autorizaci\u00f3n correspondiente. El veh\u00edculo en cuesti\u00f3n, que fue detenido en la intersecci\u00f3n de las calles Salta y Rep\u00fablica, estaba transportando escolares menores de edad sin contar con las condiciones necesarias para prestar este tipo de servicio. Se trata del interno 23 de la empresa &#8220;La Favorita&#8221;, que realizaba un viaje especial sin autorizaci\u00f3n de la cartera de Transporte, no ten\u00eda listado de pasajeros ni licencia de oficial.<\/p>\n<p class=\"v1MsoNormal\">Desde la Secretar\u00eda de Transporte se informa que esta acci\u00f3n es parte de un control exhaustivo que se lleva a cabo en toda la provincia sobre los servicios p\u00fablicos de transporte. En este caso puntual, el servicio estaba siendo prestado sin la autorizaci\u00f3n correspondiente.<\/p>\n<p class=\"v1MsoNormal\">El acta de secuestro fue emitida debido a que el veh\u00edculo no cumpl\u00eda con las normativas vigentes, lo cual incluye la falta de permisos y la ausencia de un seguro adecuado.<\/p>\n<p class=\"v1MsoNormal\">La gravedad de la situaci\u00f3n se ve incrementada por el hecho de que los pasajeros eran menores de edad, contratados por una escuela para el transporte de sus alumnos.<\/p>\n<p class=\"v1MsoNormal\">Este operativo,a cargo de la Direcci\u00f3n Provincial de Control y Seguridad en el Transporte, es parte de una serie de acciones que se realizan para asegurar que todos los servicios de transporte p\u00fablico cumplan con las normativas y brinden seguridad a sus usuarios. La Secretar\u00eda de Transporte seguir\u00e1 trabajando para evitar que situaciones de este tipo pongan en riesgo la vida de los pasajeros, especialmente la de los m\u00e1s vulnerables.<\/p>\n","protected":false},"excerpt":{"rendered":"<p>En un operativo realizado ayer al mediod\u00eda, la Secretar\u00eda de Transporte, dependiente del Ministerio de Integraci\u00f3n Regional, Log\u00edstica y Transporte, procedi\u00f3 al secuestro de un veh\u00edculo de transporte de pasajeros que circulaba sin la autorizaci\u00f3n correspondiente. El veh\u00edculo en cuesti\u00f3n, que fue detenido en la intersecci\u00f3n de las calles Salta y Rep\u00fablica, estaba transportando escolares [&hellip;]<\/p>\n","protected":false},"author":2,"featured_media":777,"comment_status":"open","ping_status":"open","sticky":false,"template":"","format":"standard","meta":{"footnotes":""},"categories":[23,27],"tags":[],"class_list":{"0":"post-776","1":"post","2":"type-post","3":"status-publish","4":"format-standard","5":"has-post-thumbnail","7":"category-destacados","8":"category-policiales"},"aioseo_notices":[],"_links":{"self":[{"href":"https:\/\/elfaroonline.com.ar\/index.php\/wp-json\/wp\/v2\/posts\/776","targetHints":{"allow":["GET"]}}],"collection":[{"href":"https:\/\/elfaroonline.com.ar\/index.php\/wp-json\/wp\/v2\/posts"}],"about":[{"href":"https:\/\/elfaroonline.com.ar\/index.php\/wp-json\/wp\/v2\/types\/post"}],"author":[{"embeddable":true,"href":"https:\/\/elfaroonline.com.ar\/index.php\/wp-json\/wp\/v2\/users\/2"}],"replies":[{"embeddable":true,"href":"https:\/\/elfaroonline.com.ar\/index.php\/wp-json\/wp\/v2\/comments?post=776"}],"version-history":[{"count":1,"href":"https:\/\/elfaroonline.com.ar\/index.php\/wp-json\/wp\/v2\/posts\/776\/revisions"}],"predecessor-version":[{"id":778,"href":"https:\/\/elfaroonline.com.ar\/index.php\/wp-json\/wp\/v2\/posts\/776\/revisions\/778"}],"wp:featuredmedia":[{"embeddable":true,"href":"https:\/\/elfaroonline.com.ar\/index.php\/wp-json\/wp\/v2\/media\/777"}],"wp:attachment":[{"href":"https:\/\/elfaroonline.com.ar\/index.php\/wp-json\/wp\/v2\/media?parent=776"}],"wp:term":[{"taxonomy":"category","embeddable":true,"href":"https:\/\/elfaroonline.com.ar\/index.php\/wp-json\/wp\/v2\/categories?post=776"},{"taxonomy":"post_tag","embeddable":true,"href":"https:\/\/elfaroonline.com.ar\/index.php\/wp-json\/wp\/v2\/tags?post=776"}],"curies":[{"name":"wp","href":"https:\/\/api.w.org\/{rel}","templated":true}]}}