{"id":779,"date":"2024-05-31T07:23:56","date_gmt":"2024-05-31T10:23:56","guid":{"rendered":"https:\/\/elfaroonline.com.ar\/?p=779"},"modified":"2024-05-31T07:23:56","modified_gmt":"2024-05-31T10:23:56","slug":"la-crisis-de-los-alimentos-que-termino-con-la-expulsion-de-pablo-de-la-torre","status":"publish","type":"post","link":"https:\/\/elfaroonline.com.ar\/index.php\/2024\/05\/31\/la-crisis-de-los-alimentos-que-termino-con-la-expulsion-de-pablo-de-la-torre\/","title":{"rendered":"La crisis de los alimentos que termin\u00f3 con la expulsi\u00f3n de Pablo de la Torre"},"content":{"rendered":"<p style=\"text-align: left;\">El funcionario fue echado del cargo luego de que se descubriera que buena parte de los productos comprados en la gesti\u00f3n anterior estaban cerca de la fecha de caducidad.<br \/>\n\u201cHay que ser precisos con las palabras, no son 5 mil toneladas de alimentos, son de productos, <b>de los cuales m\u00e1s del 80% es yerba mate<\/b>. No es lo mismo hablar de comida que de una infusi\u00f3n\u201d, protest\u00f3 un importante funcionario que suele visitar el ministerio del Interior, poco despu\u00e9s de que el juez federal <b>Sebasti\u00e1n Casanello <\/b>le ordenara al Ministerio de Capital Humano que en 72 horas elabore un plan para distribuir esos bienes que se encontraban guardados en galpones de las provincias de Buenos Aires y de Tucum\u00e1n.<\/p>\n<p>La crisis que desat\u00f3 la denuncia iniciada por el dirigente social <b>Juan Grabois <\/b>termin\u00f3 el jueves con la expulsi\u00f3n de Pablo de la Torre.<\/p>\n<p>A trav\u00e9s de un comunicado, el \u00e1rea inform\u00f3 que se detect\u00f3 que buena parte de la mercader\u00eda almacenada desde la gesti\u00f3n anterior estaba a punto de vencer, raz\u00f3n por la cual se \u201crealizar\u00e1n las investigaciones administrativas correspondientes\u201d.<\/p>\n<p>En tanto, se anticip\u00f3 que se pondr\u00e1 \u201cen marcha un protocolo para la entrega inmediata de los alimentos de pr\u00f3ximo vencimiento por medio del Ej\u00e9rcito Argentino para garantizar una log\u00edstica r\u00e1pida y eficiente\u201d.<\/p>\n<p>Si bien en el comunicado no se hizo menci\u00f3n directa a De la Torre, s\u00ed se advirti\u00f3 que se va a llevar adelante \u201cuna auditor\u00eda\u201d para saber qu\u00e9 fue lo que ocurri\u00f3 y se reconoci\u00f3 que hubo un \u201cmal desempe\u00f1o en sus tareas\u201d por parte de los responsables de esta tarea.<\/p>\n<p>\u201cFue un honor haber sido parte del Gobierno Nacional durante estos meses. Seguir\u00e9 trabajando por nuestra Patria desde el lugar que me toque. Pido a Dios que ilumine al presidente Milei en la enorme tarea que es sacar a este pa\u00eds adelante\u201d, fue la respuesta conciliadora del funcionario saliente.<\/p>\n","protected":false},"excerpt":{"rendered":"<p>El funcionario fue echado del cargo luego de que se descubriera que buena parte de los productos comprados en la gesti\u00f3n anterior estaban cerca de la fecha de caducidad. \u201cHay que ser precisos con las palabras, no son 5 mil toneladas de alimentos, son de productos, de los cuales m\u00e1s del 80% es yerba mate. [&hellip;]<\/p>\n","protected":false},"author":2,"featured_media":780,"comment_status":"open","ping_status":"open","sticky":false,"template":"","format":"standard","meta":{"footnotes":""},"categories":[23,22],"tags":[],"class_list":{"0":"post-779","1":"post","2":"type-post","3":"status-publish","4":"format-standard","5":"has-post-thumbnail","7":"category-destacados","8":"category-nacionales"},"aioseo_notices":[],"_links":{"self":[{"href":"https:\/\/elfaroonline.com.ar\/index.php\/wp-json\/wp\/v2\/posts\/779","targetHints":{"allow":["GET"]}}],"collection":[{"href":"https:\/\/elfaroonline.com.ar\/index.php\/wp-json\/wp\/v2\/posts"}],"about":[{"href":"https:\/\/elfaroonline.com.ar\/index.php\/wp-json\/wp\/v2\/types\/post"}],"author":[{"embeddable":true,"href":"https:\/\/elfaroonline.com.ar\/index.php\/wp-json\/wp\/v2\/users\/2"}],"replies":[{"embeddable":true,"href":"https:\/\/elfaroonline.com.ar\/index.php\/wp-json\/wp\/v2\/comments?post=779"}],"version-history":[{"count":1,"href":"https:\/\/elfaroonline.com.ar\/index.php\/wp-json\/wp\/v2\/posts\/779\/revisions"}],"predecessor-version":[{"id":781,"href":"https:\/\/elfaroonline.com.ar\/index.php\/wp-json\/wp\/v2\/posts\/779\/revisions\/781"}],"wp:featuredmedia":[{"embeddable":true,"href":"https:\/\/elfaroonline.com.ar\/index.php\/wp-json\/wp\/v2\/media\/780"}],"wp:attachment":[{"href":"https:\/\/elfaroonline.com.ar\/index.php\/wp-json\/wp\/v2\/media?parent=779"}],"wp:term":[{"taxonomy":"category","embeddable":true,"href":"https:\/\/elfaroonline.com.ar\/index.php\/wp-json\/wp\/v2\/categories?post=779"},{"taxonomy":"post_tag","embeddable":true,"href":"https:\/\/elfaroonline.com.ar\/index.php\/wp-json\/wp\/v2\/tags?post=779"}],"curies":[{"name":"wp","href":"https:\/\/api.w.org\/{rel}","templated":true}]}}