{"id":782,"date":"2024-05-31T07:28:20","date_gmt":"2024-05-31T10:28:20","guid":{"rendered":"https:\/\/elfaroonline.com.ar\/?p=782"},"modified":"2024-05-31T07:28:20","modified_gmt":"2024-05-31T10:28:20","slug":"juicio-a-donald-trump-el-jurado-declaro-culpable-al-ex-presidente-de-eeuu","status":"publish","type":"post","link":"https:\/\/elfaroonline.com.ar\/index.php\/2024\/05\/31\/juicio-a-donald-trump-el-jurado-declaro-culpable-al-ex-presidente-de-eeuu\/","title":{"rendered":"Juicio a Donald Trump: el jurado declar\u00f3 culpable al ex presidente de EEUU"},"content":{"rendered":"<p>El jurado designado en el juicio contra el ex presidente <b>Donald Trump<\/b> <b>lo declar\u00f3 culpable <\/b>este jueves por la tarde. El grupo defini\u00f3 por unanimidad que el empresario <b>estuvo detr\u00e1s de la trama de sobornos<\/b> a la actriz porno Stormy Daniels durante la campa\u00f1a electoral de 2016, con el fin de encubrir los encuentros que hab\u00edan mantenido para que no lo perjudicaran en sus aspiraciones pol\u00edticas.<\/p>\n<p><b>La sentencia se dar\u00e1 a conocer el pr\u00f3ximo 11 de julio <\/b>y, luego, la defensa podr\u00e1 apelar, aunque ello llevar\u00eda meses. La pena m\u00e1xima que podr\u00eda recibir es de cuatro a\u00f1os de c\u00e1rcel por cada uno de los 34 cargos, aunque al no tener antecedentes ser\u00eda raro que fuese encarcelado y, por el contrario, se le impondr\u00eda una multa y servicio comunitario.<\/p>\n<p>Poco despu\u00e9s del anuncio, Trump escribi\u00f3 en sus redes sociales: <b>\u201cMis derechos civiles han sido totalmente violados con esta caza de brujas altamente pol\u00edtica, inconstitucional y que interfiere en las elecciones. \u00a1Se est\u00e1n riendo de nuestra naci\u00f3n fracasada en todo el mundo!\u201d. <\/b>Asimismo, en la sala asegur\u00f3 que <b>\u201cesto fue una desgracia&#8230; este fue un juicio ama\u00f1ado por un juez conflictivo que era corrupto\u201d <\/b>y prometi\u00f3 que \u201c<b>el veredicto real\u201d <\/b>se conocer\u00e1 el pr\u00f3ximo 5 de noviembre, en los comicios. \u201cEstoy luchando por nuestro pa\u00eds, estoy luchando por nuestra Constituci\u00f3n\u201d, agreg\u00f3.<\/p>\n","protected":false},"excerpt":{"rendered":"<p>El jurado designado en el juicio contra el ex presidente Donald Trump lo declar\u00f3 culpable este jueves por la tarde. El grupo defini\u00f3 por unanimidad que el empresario estuvo detr\u00e1s de la trama de sobornos a la actriz porno Stormy Daniels durante la campa\u00f1a electoral de 2016, con el fin de encubrir los encuentros que [&hellip;]<\/p>\n","protected":false},"author":2,"featured_media":783,"comment_status":"open","ping_status":"open","sticky":false,"template":"","format":"standard","meta":{"footnotes":""},"categories":[24],"tags":[],"class_list":{"0":"post-782","1":"post","2":"type-post","3":"status-publish","4":"format-standard","5":"has-post-thumbnail","7":"category-mundo"},"aioseo_notices":[],"_links":{"self":[{"href":"https:\/\/elfaroonline.com.ar\/index.php\/wp-json\/wp\/v2\/posts\/782","targetHints":{"allow":["GET"]}}],"collection":[{"href":"https:\/\/elfaroonline.com.ar\/index.php\/wp-json\/wp\/v2\/posts"}],"about":[{"href":"https:\/\/elfaroonline.com.ar\/index.php\/wp-json\/wp\/v2\/types\/post"}],"author":[{"embeddable":true,"href":"https:\/\/elfaroonline.com.ar\/index.php\/wp-json\/wp\/v2\/users\/2"}],"replies":[{"embeddable":true,"href":"https:\/\/elfaroonline.com.ar\/index.php\/wp-json\/wp\/v2\/comments?post=782"}],"version-history":[{"count":1,"href":"https:\/\/elfaroonline.com.ar\/index.php\/wp-json\/wp\/v2\/posts\/782\/revisions"}],"predecessor-version":[{"id":784,"href":"https:\/\/elfaroonline.com.ar\/index.php\/wp-json\/wp\/v2\/posts\/782\/revisions\/784"}],"wp:featuredmedia":[{"embeddable":true,"href":"https:\/\/elfaroonline.com.ar\/index.php\/wp-json\/wp\/v2\/media\/783"}],"wp:attachment":[{"href":"https:\/\/elfaroonline.com.ar\/index.php\/wp-json\/wp\/v2\/media?parent=782"}],"wp:term":[{"taxonomy":"category","embeddable":true,"href":"https:\/\/elfaroonline.com.ar\/index.php\/wp-json\/wp\/v2\/categories?post=782"},{"taxonomy":"post_tag","embeddable":true,"href":"https:\/\/elfaroonline.com.ar\/index.php\/wp-json\/wp\/v2\/tags?post=782"}],"curies":[{"name":"wp","href":"https:\/\/api.w.org\/{rel}","templated":true}]}}