{"id":790,"date":"2024-06-01T09:22:34","date_gmt":"2024-06-01T12:22:34","guid":{"rendered":"https:\/\/elfaroonline.com.ar\/?p=790"},"modified":"2024-06-01T09:22:34","modified_gmt":"2024-06-01T12:22:34","slug":"reunion-estrategica-de-raul-jalil-en-buenos-aires-para-promover-el-turismo","status":"publish","type":"post","link":"https:\/\/elfaroonline.com.ar\/index.php\/2024\/06\/01\/reunion-estrategica-de-raul-jalil-en-buenos-aires-para-promover-el-turismo\/","title":{"rendered":"Reuni\u00f3n estrat\u00e9gica de Ra\u00fal Jalil en Buenos Aires para promover el turismo"},"content":{"rendered":"<p class=\"v1MsoNormal\">El gobernador Ra\u00fal Jalil mantuvo una reuni\u00f3n con el secretario de Turismo, Ambiente y Deportes de la Naci\u00f3n, Daniel Scioli, en el marco de su agenda de trabajo en Buenos Aires. El encuentro se centr\u00f3 en fortalecer la colaboraci\u00f3n entre la Provincia y la Naci\u00f3n en temas de turismo y sustentabilidad ambiental.<\/p>\n<p class=\"v1MsoNormal\">En la ocasi\u00f3n los funcionarios nacionales se comprometieron a colaborar con la promoci\u00f3n de la Fiesta Nacional e Internacional del Poncho que se realizar\u00e1 del 12 al 21 de julio en Catamarca. Las partes acordaron impulsar su visibilidad y atraer a m\u00e1s turistas, tanto nacionales como internacionales, para fortalecer la econom\u00eda local y resaltar el patrimonio cultural de la provincia.<\/p>\n<p class=\"v1MsoNormal\">Por otro lado, Scioli expres\u00f3 su compromiso de apoyar todo lo concerniente al desarrollo de la vicu\u00f1a y su fibra, subrayando la importancia de esta iniciativa para la conservaci\u00f3n de la fauna local y el desarrollo sostenible de la regi\u00f3n. Vale mencionar que el Ejecutivo, junto a la UNESCO y el CFI, busca promover la pr\u00e1ctica ancestral como Patrimonio Inmaterial de la Humanidad.<\/p>\n<p class=\"v1MsoNormal\">Del encuentro tambi\u00e9n participaron el ministro de Agua, Energ\u00eda y Medio Ambiente de Catamarca, Eduardo Niederle; la subsecretaria de Turismo, Yanina Mart\u00ednez; y la subsecretaria de Ambiente, Ana Lamas.<\/p>\n","protected":false},"excerpt":{"rendered":"<p>El gobernador Ra\u00fal Jalil mantuvo una reuni\u00f3n con el secretario de Turismo, Ambiente y Deportes de la Naci\u00f3n, Daniel Scioli, en el marco de su agenda de trabajo en Buenos Aires. El encuentro se centr\u00f3 en fortalecer la colaboraci\u00f3n entre la Provincia y la Naci\u00f3n en temas de turismo y sustentabilidad ambiental. En la ocasi\u00f3n [&hellip;]<\/p>\n","protected":false},"author":2,"featured_media":792,"comment_status":"open","ping_status":"open","sticky":false,"template":"","format":"standard","meta":{"footnotes":""},"categories":[23,21],"tags":[],"class_list":{"0":"post-790","1":"post","2":"type-post","3":"status-publish","4":"format-standard","5":"has-post-thumbnail","7":"category-destacados","8":"category-politica"},"aioseo_notices":[],"_links":{"self":[{"href":"https:\/\/elfaroonline.com.ar\/index.php\/wp-json\/wp\/v2\/posts\/790","targetHints":{"allow":["GET"]}}],"collection":[{"href":"https:\/\/elfaroonline.com.ar\/index.php\/wp-json\/wp\/v2\/posts"}],"about":[{"href":"https:\/\/elfaroonline.com.ar\/index.php\/wp-json\/wp\/v2\/types\/post"}],"author":[{"embeddable":true,"href":"https:\/\/elfaroonline.com.ar\/index.php\/wp-json\/wp\/v2\/users\/2"}],"replies":[{"embeddable":true,"href":"https:\/\/elfaroonline.com.ar\/index.php\/wp-json\/wp\/v2\/comments?post=790"}],"version-history":[{"count":2,"href":"https:\/\/elfaroonline.com.ar\/index.php\/wp-json\/wp\/v2\/posts\/790\/revisions"}],"predecessor-version":[{"id":793,"href":"https:\/\/elfaroonline.com.ar\/index.php\/wp-json\/wp\/v2\/posts\/790\/revisions\/793"}],"wp:featuredmedia":[{"embeddable":true,"href":"https:\/\/elfaroonline.com.ar\/index.php\/wp-json\/wp\/v2\/media\/792"}],"wp:attachment":[{"href":"https:\/\/elfaroonline.com.ar\/index.php\/wp-json\/wp\/v2\/media?parent=790"}],"wp:term":[{"taxonomy":"category","embeddable":true,"href":"https:\/\/elfaroonline.com.ar\/index.php\/wp-json\/wp\/v2\/categories?post=790"},{"taxonomy":"post_tag","embeddable":true,"href":"https:\/\/elfaroonline.com.ar\/index.php\/wp-json\/wp\/v2\/tags?post=790"}],"curies":[{"name":"wp","href":"https:\/\/api.w.org\/{rel}","templated":true}]}}