{"id":794,"date":"2024-06-01T09:26:03","date_gmt":"2024-06-01T12:26:03","guid":{"rendered":"https:\/\/elfaroonline.com.ar\/?p=794"},"modified":"2024-06-01T09:26:03","modified_gmt":"2024-06-01T12:26:03","slug":"cierre-de-textilcom-gestiones-del-ministerio-de-trabajo-en-anses-por-el-fondo-por-desempleo-de-los-trabajadores-despedidos","status":"publish","type":"post","link":"https:\/\/elfaroonline.com.ar\/index.php\/2024\/06\/01\/cierre-de-textilcom-gestiones-del-ministerio-de-trabajo-en-anses-por-el-fondo-por-desempleo-de-los-trabajadores-despedidos\/","title":{"rendered":"Cierre de Textilcom: Gestiones del Ministerio de Trabajo en ANSES por el Fondo por Desempleo de los trabajadores despedidos"},"content":{"rendered":"<p class=\"v1MsoNormal\">El secretario de Trabajo de la cartera laboral, Diego Romero, se reuni\u00f3 con el responsable de la UDAI Catamarca, Pablo Ag\u00fcero; el secretario general de SOIVA, Ra\u00fal Rivero y empleados de la planta, con el objetivo de asesorarlos en los pasos administrativos y despejar dudas en lo relativo a la prestaci\u00f3n por desempleo para los trabajadores que otorga ANSES.<\/p>\n<p class=\"v1MsoNormal\">El organismo nacional acord\u00f3 con los afectados que a partir del lunes pr\u00f3ximo habilitar\u00e1 canales exclusivos de atenci\u00f3n para realizar la carga del tr\u00e1mite en cuesti\u00f3n.<\/p>\n<p class=\"v1MsoNormal\">Esta reuni\u00f3n surgi\u00f3 en el marco de la audiencia de mediaci\u00f3n encabezada por la ministra de la cartera laboral, Ver\u00f3nica Soria y el ministro de Industria, Comercio y Empleo, Sebasti\u00e1n Caria, quienes se reunieron en el d\u00eda de ayer con representantes de las asociaciones sindicales SOIVA y SETIA y de la empresa.<\/p>\n<p class=\"v1MsoNormal\">El Ministerio de Trabajo, Planificaci\u00f3n y Recursos Humanos y la UDAI Catamarca coordinaron acciones y ser\u00e1 ANSES quien agilizar\u00e1 las tareas para que los extrabajadores de Textilcom puedan realizar la carga del tr\u00e1mite por desempleo.<\/p>\n<p class=\"v1MsoNormal\">Cabe destacar que las partes fijaron una nueva audiencia de conciliaci\u00f3n para el mi\u00e9rcoles de la semana pr\u00f3xima en el pabell\u00f3n 3 del CAPE con el prop\u00f3sito de que la empresa presente una propuesta para el pago de los haberes adeudados.<\/p>\n","protected":false},"excerpt":{"rendered":"<p>El secretario de Trabajo de la cartera laboral, Diego Romero, se reuni\u00f3 con el responsable de la UDAI Catamarca, Pablo Ag\u00fcero; el secretario general de SOIVA, Ra\u00fal Rivero y empleados de la planta, con el objetivo de asesorarlos en los pasos administrativos y despejar dudas en lo relativo a la prestaci\u00f3n por desempleo para los [&hellip;]<\/p>\n","protected":false},"author":2,"featured_media":795,"comment_status":"open","ping_status":"open","sticky":false,"template":"","format":"standard","meta":{"footnotes":""},"categories":[23,20],"tags":[],"class_list":{"0":"post-794","1":"post","2":"type-post","3":"status-publish","4":"format-standard","5":"has-post-thumbnail","7":"category-destacados","8":"category-sociedad"},"aioseo_notices":[],"_links":{"self":[{"href":"https:\/\/elfaroonline.com.ar\/index.php\/wp-json\/wp\/v2\/posts\/794","targetHints":{"allow":["GET"]}}],"collection":[{"href":"https:\/\/elfaroonline.com.ar\/index.php\/wp-json\/wp\/v2\/posts"}],"about":[{"href":"https:\/\/elfaroonline.com.ar\/index.php\/wp-json\/wp\/v2\/types\/post"}],"author":[{"embeddable":true,"href":"https:\/\/elfaroonline.com.ar\/index.php\/wp-json\/wp\/v2\/users\/2"}],"replies":[{"embeddable":true,"href":"https:\/\/elfaroonline.com.ar\/index.php\/wp-json\/wp\/v2\/comments?post=794"}],"version-history":[{"count":1,"href":"https:\/\/elfaroonline.com.ar\/index.php\/wp-json\/wp\/v2\/posts\/794\/revisions"}],"predecessor-version":[{"id":796,"href":"https:\/\/elfaroonline.com.ar\/index.php\/wp-json\/wp\/v2\/posts\/794\/revisions\/796"}],"wp:featuredmedia":[{"embeddable":true,"href":"https:\/\/elfaroonline.com.ar\/index.php\/wp-json\/wp\/v2\/media\/795"}],"wp:attachment":[{"href":"https:\/\/elfaroonline.com.ar\/index.php\/wp-json\/wp\/v2\/media?parent=794"}],"wp:term":[{"taxonomy":"category","embeddable":true,"href":"https:\/\/elfaroonline.com.ar\/index.php\/wp-json\/wp\/v2\/categories?post=794"},{"taxonomy":"post_tag","embeddable":true,"href":"https:\/\/elfaroonline.com.ar\/index.php\/wp-json\/wp\/v2\/tags?post=794"}],"curies":[{"name":"wp","href":"https:\/\/api.w.org\/{rel}","templated":true}]}}