{"id":797,"date":"2024-06-01T09:29:48","date_gmt":"2024-06-01T12:29:48","guid":{"rendered":"https:\/\/elfaroonline.com.ar\/?p=797"},"modified":"2024-06-01T09:29:48","modified_gmt":"2024-06-01T12:29:48","slug":"en-valle-chico-policias-secuestraron-un-arma-de-fuego-que-estaba-siendo-comercializada-a-traves-de-whatsapp","status":"publish","type":"post","link":"https:\/\/elfaroonline.com.ar\/index.php\/2024\/06\/01\/en-valle-chico-policias-secuestraron-un-arma-de-fuego-que-estaba-siendo-comercializada-a-traves-de-whatsapp\/","title":{"rendered":"En Valle Chico polic\u00edas secuestraron un arma de fuego que estaba siendo comercializada a trav\u00e9s de WhatsApp"},"content":{"rendered":"<p class=\"v1MsoNormal\">En la jornada de ayer , numerarios de la <b>Divisi\u00f3n Investigaciones de la Polic\u00eda de la Provincia<\/b> tomaron conocimiento que una persona estar\u00eda intentando comercializar un arma de fuego a trav\u00e9s de un grupo de WhatsApp.<\/p>\n<p class=\"v1MsoNormal\">R\u00e1pidamente y luego de realizar tareas de su especialidad, los investigadores llegaron hasta una vivienda del Complejo Habitacional Valle Chico, donde procedieron al secuestro de una pistola Browning calibre 9 mm., que fue puesta a disposici\u00f3n de la Fiscal\u00eda de Instrucci\u00f3n en turno del Distrito Sur, desde donde se indicaron las medidas a seguir.<\/p>\n","protected":false},"excerpt":{"rendered":"<p>En la jornada de ayer , numerarios de la Divisi\u00f3n Investigaciones de la Polic\u00eda de la Provincia tomaron conocimiento que una persona estar\u00eda intentando comercializar un arma de fuego a trav\u00e9s de un grupo de WhatsApp. R\u00e1pidamente y luego de realizar tareas de su especialidad, los investigadores llegaron hasta una vivienda del Complejo Habitacional Valle [&hellip;]<\/p>\n","protected":false},"author":2,"featured_media":798,"comment_status":"open","ping_status":"open","sticky":false,"template":"","format":"standard","meta":{"footnotes":""},"categories":[27],"tags":[],"class_list":{"0":"post-797","1":"post","2":"type-post","3":"status-publish","4":"format-standard","5":"has-post-thumbnail","7":"category-policiales"},"aioseo_notices":[],"_links":{"self":[{"href":"https:\/\/elfaroonline.com.ar\/index.php\/wp-json\/wp\/v2\/posts\/797","targetHints":{"allow":["GET"]}}],"collection":[{"href":"https:\/\/elfaroonline.com.ar\/index.php\/wp-json\/wp\/v2\/posts"}],"about":[{"href":"https:\/\/elfaroonline.com.ar\/index.php\/wp-json\/wp\/v2\/types\/post"}],"author":[{"embeddable":true,"href":"https:\/\/elfaroonline.com.ar\/index.php\/wp-json\/wp\/v2\/users\/2"}],"replies":[{"embeddable":true,"href":"https:\/\/elfaroonline.com.ar\/index.php\/wp-json\/wp\/v2\/comments?post=797"}],"version-history":[{"count":1,"href":"https:\/\/elfaroonline.com.ar\/index.php\/wp-json\/wp\/v2\/posts\/797\/revisions"}],"predecessor-version":[{"id":799,"href":"https:\/\/elfaroonline.com.ar\/index.php\/wp-json\/wp\/v2\/posts\/797\/revisions\/799"}],"wp:featuredmedia":[{"embeddable":true,"href":"https:\/\/elfaroonline.com.ar\/index.php\/wp-json\/wp\/v2\/media\/798"}],"wp:attachment":[{"href":"https:\/\/elfaroonline.com.ar\/index.php\/wp-json\/wp\/v2\/media?parent=797"}],"wp:term":[{"taxonomy":"category","embeddable":true,"href":"https:\/\/elfaroonline.com.ar\/index.php\/wp-json\/wp\/v2\/categories?post=797"},{"taxonomy":"post_tag","embeddable":true,"href":"https:\/\/elfaroonline.com.ar\/index.php\/wp-json\/wp\/v2\/tags?post=797"}],"curies":[{"name":"wp","href":"https:\/\/api.w.org\/{rel}","templated":true}]}}