{"id":809,"date":"2024-06-02T20:42:37","date_gmt":"2024-06-02T23:42:37","guid":{"rendered":"https:\/\/elfaroonline.com.ar\/?p=809"},"modified":"2024-06-02T20:42:37","modified_gmt":"2024-06-02T23:42:37","slug":"raul-jalil-rubrico-convenio-con-nacion-para-garantizar-el-financiamiento-de-comedores-escolares","status":"publish","type":"post","link":"https:\/\/elfaroonline.com.ar\/index.php\/2024\/06\/02\/raul-jalil-rubrico-convenio-con-nacion-para-garantizar-el-financiamiento-de-comedores-escolares\/","title":{"rendered":"Ra\u00fal Jalil  rubric\u00f3 convenio con Naci\u00f3n para garantizar el financiamiento de comedores escolares"},"content":{"rendered":"<p class=\"v1MsoNormal\">Dando continuidad a su agenda en Buenos Aires, el gobernador Ra\u00fal Jalil rubric\u00f3 un convenio con la Secretar\u00eda de Educaci\u00f3n -dependiente del Ministerio de Capital Humano- a los efectos de garantizar el financiamiento que permitir\u00e1 fortalecer y promover el funcionamiento de los diversos comedores escolares que funcionan en el \u00e1mbito del territorio provincial.<\/p>\n<p class=\"v1MsoNormal\">El convenio promueve la ejecuci\u00f3n de la &#8220;l\u00ednea de acci\u00f3n de prestaciones a comedores escolares&#8221;, que oportunamente fue aprobada por Resoluci\u00f3n de la Secretar\u00eda de Educaci\u00f3n N\u00b0196, del 1 de mayo de 2024. Concretamente, se trata de un aporte financiero no reintegrable para la Provincia con cargo de rendici\u00f3n y que estar\u00e1 destinado a financiar el funcionamiento de comedores escolares en establecimientos educacionales de gesti\u00f3n estatal, a los que asisten ni\u00f1os y adolescentes comprendidos entre los cuatro y catorce a\u00f1os inclusive.<\/p>\n<p class=\"v1MsoNormal\">En la firma del acuerdo, el primer mandatario catamarque\u00f1o estuvo acompa\u00f1ado por el ministro de Desarrollo de la provincia, Gonzalo Mascheroni, mientras que por Naci\u00f3n particip\u00f3 el secretario de Educaci\u00f3n, Carlos Torredell. De acuerdo a lo establecido, el financiamiento prev\u00e9 un aporte total de $2.024.863.200 (aproximadamente $224 millones por mes durante un plazo de nueve meses).<\/p>\n<p class=\"v1MsoNormal\">El mencionado convenio alcanzado por el Gobernador con el Ministerio de Capital Humano de la Naci\u00f3n tendr\u00e1 una vigencia de cuatro a\u00f1os, con la posibilidad de ser renovado por id\u00e9ntico periodo.<\/p>\n<p class=\"v1MsoNormal\">Adem\u00e1s, se promueve la ejecuci\u00f3n de propuestas institucionales y comunitarias que impacten directamente en la mejora de la calidad de los servicios alimentarios y arbitrar los medios necesarios para que los alimentos que se provean en los comedores escolares sean de probada calidad y respondan a las normas del C\u00f3digo Alimentario Nacional, y que los mismo est\u00e9n almacenados en ambientes aptos de forma tal de preservar su calidad y aptitud.<\/p>\n<p class=\"v1MsoNormal\">Cabe mencionar que, este convenio se encuadra dentro del Programa Nacional de Nutrici\u00f3n y Alimentaci\u00f3n creado por Ley 25.724 que tiene por objetivo cubrir los requisitos nutricionales de ni\u00f1os de hasta catorce a\u00f1os, embarazadas, discapacitados y ancianos desde setenta a\u00f1os en situaci\u00f3n de pobreza. De esta manera, se apunta a garantizar la asistencia a las familias m\u00e1s vulnerables y el acceso al alimento a trav\u00e9s de las prestaciones que se brindan para los comedores escolares.<\/p>\n","protected":false},"excerpt":{"rendered":"<p>Dando continuidad a su agenda en Buenos Aires, el gobernador Ra\u00fal Jalil rubric\u00f3 un convenio con la Secretar\u00eda de Educaci\u00f3n -dependiente del Ministerio de Capital Humano- a los efectos de garantizar el financiamiento que permitir\u00e1 fortalecer y promover el funcionamiento de los diversos comedores escolares que funcionan en el \u00e1mbito del territorio provincial. El convenio [&hellip;]<\/p>\n","protected":false},"author":2,"featured_media":810,"comment_status":"open","ping_status":"open","sticky":false,"template":"","format":"standard","meta":{"footnotes":""},"categories":[23,21],"tags":[],"class_list":{"0":"post-809","1":"post","2":"type-post","3":"status-publish","4":"format-standard","5":"has-post-thumbnail","7":"category-destacados","8":"category-politica"},"aioseo_notices":[],"_links":{"self":[{"href":"https:\/\/elfaroonline.com.ar\/index.php\/wp-json\/wp\/v2\/posts\/809","targetHints":{"allow":["GET"]}}],"collection":[{"href":"https:\/\/elfaroonline.com.ar\/index.php\/wp-json\/wp\/v2\/posts"}],"about":[{"href":"https:\/\/elfaroonline.com.ar\/index.php\/wp-json\/wp\/v2\/types\/post"}],"author":[{"embeddable":true,"href":"https:\/\/elfaroonline.com.ar\/index.php\/wp-json\/wp\/v2\/users\/2"}],"replies":[{"embeddable":true,"href":"https:\/\/elfaroonline.com.ar\/index.php\/wp-json\/wp\/v2\/comments?post=809"}],"version-history":[{"count":1,"href":"https:\/\/elfaroonline.com.ar\/index.php\/wp-json\/wp\/v2\/posts\/809\/revisions"}],"predecessor-version":[{"id":811,"href":"https:\/\/elfaroonline.com.ar\/index.php\/wp-json\/wp\/v2\/posts\/809\/revisions\/811"}],"wp:featuredmedia":[{"embeddable":true,"href":"https:\/\/elfaroonline.com.ar\/index.php\/wp-json\/wp\/v2\/media\/810"}],"wp:attachment":[{"href":"https:\/\/elfaroonline.com.ar\/index.php\/wp-json\/wp\/v2\/media?parent=809"}],"wp:term":[{"taxonomy":"category","embeddable":true,"href":"https:\/\/elfaroonline.com.ar\/index.php\/wp-json\/wp\/v2\/categories?post=809"},{"taxonomy":"post_tag","embeddable":true,"href":"https:\/\/elfaroonline.com.ar\/index.php\/wp-json\/wp\/v2\/tags?post=809"}],"curies":[{"name":"wp","href":"https:\/\/api.w.org\/{rel}","templated":true}]}}