{"id":812,"date":"2024-06-02T20:48:07","date_gmt":"2024-06-02T23:48:07","guid":{"rendered":"https:\/\/elfaroonline.com.ar\/?p=812"},"modified":"2024-06-02T20:48:07","modified_gmt":"2024-06-02T23:48:07","slug":"proponen-trabajar-estrategias-de-prevencion-de-la-violencia-en-el-noviazgo","status":"publish","type":"post","link":"https:\/\/elfaroonline.com.ar\/index.php\/2024\/06\/02\/proponen-trabajar-estrategias-de-prevencion-de-la-violencia-en-el-noviazgo\/","title":{"rendered":"Proponen trabajar estrategias de prevenci\u00f3n de la violencia en el noviazgo"},"content":{"rendered":"<p class=\"v1MsoNormal\">La C\u00e1mara de Senadores otorg\u00f3 sanci\u00f3n definitiva al proyecto de ley, iniciativa de la diputada Adriana D\u00edaz, que propone crear una campa\u00f1a de prevenci\u00f3n de violencia en el noviazgo. Bajo el n\u00famero 5839, la norma busca otorgar herramientas a los adolescentes y adultos para la identificaci\u00f3n de conductas violentas.<\/p>\n<p class=\"v1MsoNormal\">\u00a0&#8220;Seg\u00fan la Organizaci\u00f3n Mundial de la Salud, 3 de cada 10 adolescentes denuncian que sufren violencia en el noviazgo, y de acuerdo a investigaciones recientes sobre el tema, en situaciones de violencia de larga duraci\u00f3n en parejas adultas, las mujeres han identificado al noviazgo como el momento en el que aparecieron las primeras manifestaciones de maltrato y violencia en la forma de los celos y el control&#8221;, se\u00f1al\u00f3 la legisladora en sus fundamentos.<\/p>\n<p class=\"v1MsoNormal\">Adem\u00e1s, explic\u00f3 que la internalizaci\u00f3n de creencias como el &#8220;amor rom\u00e1ntico&#8221; contribuye a la aceptaci\u00f3n, justificaci\u00f3n y naturalizaci\u00f3n de los v\u00ednculos violentos, y a atribuir estos comportamientos a factores individuales m\u00e1s que a sist\u00e9micos culturales y sociales.<\/p>\n<p class=\"v1MsoNormal\">&#8220;Esta problem\u00e1tica social, es una m\u00e1s de las que se erigen desde la desigualdad y se manifiesta en las relaciones de poder, generando discriminaci\u00f3n y violencia en los v\u00ednculos interpersonales. Por lo tanto, su abordaje demanda estrategias de prevenci\u00f3n, visibilizaci\u00f3n, y toma de conciencia en busca de un cambio cultural, que promueva nuevos v\u00ednculos a partir de la igualdad, del respeto a las personas y a los derechos&#8221;,concluy\u00f3.<\/p>\n","protected":false},"excerpt":{"rendered":"<p>La C\u00e1mara de Senadores otorg\u00f3 sanci\u00f3n definitiva al proyecto de ley, iniciativa de la diputada Adriana D\u00edaz, que propone crear una campa\u00f1a de prevenci\u00f3n de violencia en el noviazgo. Bajo el n\u00famero 5839, la norma busca otorgar herramientas a los adolescentes y adultos para la identificaci\u00f3n de conductas violentas. \u00a0&#8220;Seg\u00fan la Organizaci\u00f3n Mundial de la [&hellip;]<\/p>\n","protected":false},"author":2,"featured_media":813,"comment_status":"open","ping_status":"open","sticky":false,"template":"","format":"standard","meta":{"footnotes":""},"categories":[23,27],"tags":[],"class_list":{"0":"post-812","1":"post","2":"type-post","3":"status-publish","4":"format-standard","5":"has-post-thumbnail","7":"category-destacados","8":"category-policiales"},"aioseo_notices":[],"_links":{"self":[{"href":"https:\/\/elfaroonline.com.ar\/index.php\/wp-json\/wp\/v2\/posts\/812","targetHints":{"allow":["GET"]}}],"collection":[{"href":"https:\/\/elfaroonline.com.ar\/index.php\/wp-json\/wp\/v2\/posts"}],"about":[{"href":"https:\/\/elfaroonline.com.ar\/index.php\/wp-json\/wp\/v2\/types\/post"}],"author":[{"embeddable":true,"href":"https:\/\/elfaroonline.com.ar\/index.php\/wp-json\/wp\/v2\/users\/2"}],"replies":[{"embeddable":true,"href":"https:\/\/elfaroonline.com.ar\/index.php\/wp-json\/wp\/v2\/comments?post=812"}],"version-history":[{"count":1,"href":"https:\/\/elfaroonline.com.ar\/index.php\/wp-json\/wp\/v2\/posts\/812\/revisions"}],"predecessor-version":[{"id":814,"href":"https:\/\/elfaroonline.com.ar\/index.php\/wp-json\/wp\/v2\/posts\/812\/revisions\/814"}],"wp:featuredmedia":[{"embeddable":true,"href":"https:\/\/elfaroonline.com.ar\/index.php\/wp-json\/wp\/v2\/media\/813"}],"wp:attachment":[{"href":"https:\/\/elfaroonline.com.ar\/index.php\/wp-json\/wp\/v2\/media?parent=812"}],"wp:term":[{"taxonomy":"category","embeddable":true,"href":"https:\/\/elfaroonline.com.ar\/index.php\/wp-json\/wp\/v2\/categories?post=812"},{"taxonomy":"post_tag","embeddable":true,"href":"https:\/\/elfaroonline.com.ar\/index.php\/wp-json\/wp\/v2\/tags?post=812"}],"curies":[{"name":"wp","href":"https:\/\/api.w.org\/{rel}","templated":true}]}}