{"id":818,"date":"2024-06-02T20:55:40","date_gmt":"2024-06-02T23:55:40","guid":{"rendered":"https:\/\/elfaroonline.com.ar\/?p=818"},"modified":"2024-06-02T20:55:40","modified_gmt":"2024-06-02T23:55:40","slug":"escandalo-de-los-alimentos-a-pedido-de-milei-sturzenegger-diseno-un-nuevo-sistema-de-contrataciones","status":"publish","type":"post","link":"https:\/\/elfaroonline.com.ar\/index.php\/2024\/06\/02\/escandalo-de-los-alimentos-a-pedido-de-milei-sturzenegger-diseno-un-nuevo-sistema-de-contrataciones\/","title":{"rendered":"Esc\u00e1ndalo de los alimentos: a pedido de Milei, Sturzenegger dise\u00f1\u00f3 un nuevo sistema de contrataciones"},"content":{"rendered":"<p>En medio del conflicto y las denuncias por la falta de entrega de alimentos almacenados en dep\u00f3sitos en las provincias de Buenos Aires y de Tucum\u00e1n, <b>Federico Sturzenegger<\/b> dise\u00f1\u00f3 un nuevo sistema de contrataciones que involucra al sector privado, para las futuras compras que realice el Ministerio de Capital Humano, a cargo de <b>Sandra Pettovello<\/b>.<br \/>\nSeg\u00fan anticip\u00f3 el propio dirigente -que en los pr\u00f3ximos d\u00edas se incorporar\u00e1 al Gabinete-, a trav\u00e9s de una serie de mensajes que public\u00f3 en su cuenta de X, el mecanismo fue elaborado \u201c<b>a pedido del presidente Javier Milei y la Ministra Sandra Pettovello<\/b>\u201d, y busca reemplazar a la forma en que actualmente se gestiona la \u201cayuda en situaciones de emergencia\u201d, que es \u201cineficiente y cara\u201d.<\/p>\n<p>\u201cEn este sistema alternativo el objetivo de emergencias a cubrir se mantiene inalterado, pero la ejecuci\u00f3n cambia radicalmente. <b>En el nuevo sistema no se compran los bienes, sino que compra una \u201copci\u00f3n de compra\u201d de esos bienes<\/b>(en jerga financiera es un<i> call<\/i>)\u201d, explic\u00f3.<\/p>\n<p class=\"paragraph\" data-mrf-recirculation=\"Links inline\">Al respecto, Sturzenegger precis\u00f3 que \u201c<b>el sector privado cobra por proveer ese seguro y a cambio se compromete a la entrega de los bienes<\/b>cuando y donde se le requiera\u201d, lo cual remarc\u00f3 que es \u201cuna idea muy sencilla\u201d, ya que, b\u00e1sicamente, \u201cel gobierno compra un seguro de entrega inmediata en la emergencia\u201d.<\/p>\n<p class=\"paragraph\" data-mrf-recirculation=\"Links inline\">\u201cEl sector privado usa toda su log\u00edstica y capacidad de almacenamiento para proveer este stock. Y como ese stock rota, <b>los productos estar\u00e1n siempre disponibles sin que el Estado tenga que tener inventarios o tener un solo dep\u00f3sito<\/b>\u201d, destac\u00f3.<\/p>\n<p class=\"paragraph\" data-mrf-recirculation=\"Links inline\">Para el ex presidente del Banco Central, \u201cque el Estado maneje el stock es como si una persona, en vez de comprar un seguro de su auto, decidiera tener en su casa los repuestos por si tiene un accidente\u201d.<\/p>\n<p class=\"paragraph\" data-mrf-recirculation=\"Links inline\">\u201cMucho m\u00e1s eficiente es tener un seguro que me provea esos repuestos cuando los necesito. Si los tengo en casa necesito un lugar, los tengo que traer, se me pueden da\u00f1ar, me los pueden robar, y si tienen fecha de vencimiento se me pueden vencer. Todos estos costos se evitan o ser\u00e1n muy inferiores con un contrato contingente\u201d, argument\u00f3.<\/p>\n<p class=\"paragraph\" data-mrf-recirculation=\"Links inline\">Por \u00faltimo, el futuro ministro se\u00f1al\u00f3 que \u201cuna cosa es proveer ayuda a los m\u00e1s vulnerables y otra es usar esa ayuda para sostener una red de negocios privados\u201d y, en este punto, defendi\u00f3 tambi\u00e9n la labor de Pettovello, al asegurar que esa trama de irregularidades es lo que \u201cha ido descubriendo durante su gesti\u00f3n y por eso los ataques\u201d.<\/p>\n<p class=\"paragraph\" data-mrf-recirculation=\"Links inline\">\u201cLa migraci\u00f3n a un sistema de contratos contingentes barrer\u00e1 con otro m\u00e1s de los mecanismos con los cuales el sistema pol\u00edtico ha lucrado con la pobreza, claro est\u00e1, hasta la llegada de Milei a la Presidencia\u201d, finaliz\u00f3.<\/p>\n<p class=\"paragraph\" data-mrf-recirculation=\"Links inline\">El anuncio de Sturzenegger llega en el marco de las cr\u00edticas de diferentes sectores, tanto externos como internos, contra la titular de la cartera de Capital Humano, luego de que la Justicia le ordenara repartir inmediatamente miles de kilos de alimento que estaba por vencer.<\/p>\n","protected":false},"excerpt":{"rendered":"<p>En medio del conflicto y las denuncias por la falta de entrega de alimentos almacenados en dep\u00f3sitos en las provincias de Buenos Aires y de Tucum\u00e1n, Federico Sturzenegger dise\u00f1\u00f3 un nuevo sistema de contrataciones que involucra al sector privado, para las futuras compras que realice el Ministerio de Capital Humano, a cargo de Sandra Pettovello. [&hellip;]<\/p>\n","protected":false},"author":2,"featured_media":819,"comment_status":"open","ping_status":"open","sticky":false,"template":"","format":"standard","meta":{"footnotes":""},"categories":[22],"tags":[],"class_list":{"0":"post-818","1":"post","2":"type-post","3":"status-publish","4":"format-standard","5":"has-post-thumbnail","7":"category-nacionales"},"aioseo_notices":[],"_links":{"self":[{"href":"https:\/\/elfaroonline.com.ar\/index.php\/wp-json\/wp\/v2\/posts\/818","targetHints":{"allow":["GET"]}}],"collection":[{"href":"https:\/\/elfaroonline.com.ar\/index.php\/wp-json\/wp\/v2\/posts"}],"about":[{"href":"https:\/\/elfaroonline.com.ar\/index.php\/wp-json\/wp\/v2\/types\/post"}],"author":[{"embeddable":true,"href":"https:\/\/elfaroonline.com.ar\/index.php\/wp-json\/wp\/v2\/users\/2"}],"replies":[{"embeddable":true,"href":"https:\/\/elfaroonline.com.ar\/index.php\/wp-json\/wp\/v2\/comments?post=818"}],"version-history":[{"count":1,"href":"https:\/\/elfaroonline.com.ar\/index.php\/wp-json\/wp\/v2\/posts\/818\/revisions"}],"predecessor-version":[{"id":820,"href":"https:\/\/elfaroonline.com.ar\/index.php\/wp-json\/wp\/v2\/posts\/818\/revisions\/820"}],"wp:featuredmedia":[{"embeddable":true,"href":"https:\/\/elfaroonline.com.ar\/index.php\/wp-json\/wp\/v2\/media\/819"}],"wp:attachment":[{"href":"https:\/\/elfaroonline.com.ar\/index.php\/wp-json\/wp\/v2\/media?parent=818"}],"wp:term":[{"taxonomy":"category","embeddable":true,"href":"https:\/\/elfaroonline.com.ar\/index.php\/wp-json\/wp\/v2\/categories?post=818"},{"taxonomy":"post_tag","embeddable":true,"href":"https:\/\/elfaroonline.com.ar\/index.php\/wp-json\/wp\/v2\/tags?post=818"}],"curies":[{"name":"wp","href":"https:\/\/api.w.org\/{rel}","templated":true}]}}