{"id":823,"date":"2024-06-05T12:33:44","date_gmt":"2024-06-05T15:33:44","guid":{"rendered":"https:\/\/elfaroonline.com.ar\/?p=823"},"modified":"2024-06-05T12:33:44","modified_gmt":"2024-06-05T15:33:44","slug":"el-gobierno-provincial-trabaja-en-la-reactivacion-de-la-obra-de-100-viviendas-en-huillapima","status":"publish","type":"post","link":"https:\/\/elfaroonline.com.ar\/index.php\/2024\/06\/05\/el-gobierno-provincial-trabaja-en-la-reactivacion-de-la-obra-de-100-viviendas-en-huillapima\/","title":{"rendered":"El Gobierno Provincial trabaja en la reactivaci\u00f3n de la obra de 100 viviendas en Huillapima"},"content":{"rendered":"<p class=\"v1MsoNormal\">La pol\u00edtica habitacional sigue siendo una de las prioridades en materia de obra p\u00fablica para la gesti\u00f3n del Gobierno Provincial. En este marco, durante su visita al departamento Capay\u00e1n este martes, el gobernador Ra\u00fal Jalil, junto al ministro de Vivienda y Urbanizaci\u00f3n, Fidel S\u00e1enz, y el intendente de Huillapima, Omar Soria, realizaron una inspecci\u00f3n a la obra de viviendas en construcci\u00f3n en Nueva Coneta. El complejo habitacional se encuentra en su etapa final de ejecuci\u00f3n.<\/p>\n<p class=\"v1MsoNormal\">\n<p class=\"v1MsoNormal\">En esta oportunidad, el Gobernador destac\u00f3 la importancia de la construcci\u00f3n de viviendas para las familias de la jurisdicci\u00f3n y resalt\u00f3 la pol\u00edtica habitacional que lleva adelante la gesti\u00f3n provincial. En este sentido, se\u00f1al\u00f3 que, junto al ministro Fidel S\u00e1enz, est\u00e1n trabajando para que m\u00e1s familias de la localidad tengan su casa propia.<\/p>\n<p class=\"v1MsoNormal\">\n<p class=\"v1MsoNormal\">&#8220;Junto al ministro S\u00e1enz gestionamos fondos para reactivar la obra de 100 viviendas en Huillapima, lo que marcar\u00e1 un antes y un despu\u00e9s en materia habitacional para esta localidad&#8221;, se\u00f1al\u00f3 Ra\u00fal. Asimismo, indic\u00f3 que se trabaja con la firme convicci\u00f3n de que &#8220;en pocos meses, muchos vecinos de Huillapima podr\u00e1n contar con su casa propia&#8221;.<\/p>\n<p class=\"v1MsoNormal\">\n<p class=\"v1MsoNormal\">\n<p class=\"v1MsoNormal\">Por otro lado y, dentro de las actividades realizadas en el departamento Capay\u00e1n, el Gobernador y el intendente Omar Soria visitaron la Cantera Municipal, que se encuentra en pleno funcionamiento y es la proveedora de materiales \u00e1ridos tanto para obras de gobierno como para particulares y proyectos sociales.<\/p>\n","protected":false},"excerpt":{"rendered":"<p>La pol\u00edtica habitacional sigue siendo una de las prioridades en materia de obra p\u00fablica para la gesti\u00f3n del Gobierno Provincial. En este marco, durante su visita al departamento Capay\u00e1n este martes, el gobernador Ra\u00fal Jalil, junto al ministro de Vivienda y Urbanizaci\u00f3n, Fidel S\u00e1enz, y el intendente de Huillapima, Omar Soria, realizaron una inspecci\u00f3n a [&hellip;]<\/p>\n","protected":false},"author":2,"featured_media":824,"comment_status":"open","ping_status":"open","sticky":false,"template":"","format":"standard","meta":{"footnotes":""},"categories":[23,21],"tags":[],"class_list":{"0":"post-823","1":"post","2":"type-post","3":"status-publish","4":"format-standard","5":"has-post-thumbnail","7":"category-destacados","8":"category-politica"},"aioseo_notices":[],"_links":{"self":[{"href":"https:\/\/elfaroonline.com.ar\/index.php\/wp-json\/wp\/v2\/posts\/823","targetHints":{"allow":["GET"]}}],"collection":[{"href":"https:\/\/elfaroonline.com.ar\/index.php\/wp-json\/wp\/v2\/posts"}],"about":[{"href":"https:\/\/elfaroonline.com.ar\/index.php\/wp-json\/wp\/v2\/types\/post"}],"author":[{"embeddable":true,"href":"https:\/\/elfaroonline.com.ar\/index.php\/wp-json\/wp\/v2\/users\/2"}],"replies":[{"embeddable":true,"href":"https:\/\/elfaroonline.com.ar\/index.php\/wp-json\/wp\/v2\/comments?post=823"}],"version-history":[{"count":1,"href":"https:\/\/elfaroonline.com.ar\/index.php\/wp-json\/wp\/v2\/posts\/823\/revisions"}],"predecessor-version":[{"id":825,"href":"https:\/\/elfaroonline.com.ar\/index.php\/wp-json\/wp\/v2\/posts\/823\/revisions\/825"}],"wp:featuredmedia":[{"embeddable":true,"href":"https:\/\/elfaroonline.com.ar\/index.php\/wp-json\/wp\/v2\/media\/824"}],"wp:attachment":[{"href":"https:\/\/elfaroonline.com.ar\/index.php\/wp-json\/wp\/v2\/media?parent=823"}],"wp:term":[{"taxonomy":"category","embeddable":true,"href":"https:\/\/elfaroonline.com.ar\/index.php\/wp-json\/wp\/v2\/categories?post=823"},{"taxonomy":"post_tag","embeddable":true,"href":"https:\/\/elfaroonline.com.ar\/index.php\/wp-json\/wp\/v2\/tags?post=823"}],"curies":[{"name":"wp","href":"https:\/\/api.w.org\/{rel}","templated":true}]}}