{"id":829,"date":"2024-06-05T12:44:27","date_gmt":"2024-06-05T15:44:27","guid":{"rendered":"https:\/\/elfaroonline.com.ar\/?p=829"},"modified":"2024-06-05T12:44:27","modified_gmt":"2024-06-05T15:44:27","slug":"quita-de-subsidios-de-luz-y-de-gas-el-gobierno-oficializo-aumentos-mayores-al-155-para-usuarios-de-ingresos-medios-y-bajos","status":"publish","type":"post","link":"https:\/\/elfaroonline.com.ar\/index.php\/2024\/06\/05\/quita-de-subsidios-de-luz-y-de-gas-el-gobierno-oficializo-aumentos-mayores-al-155-para-usuarios-de-ingresos-medios-y-bajos\/","title":{"rendered":"Quita de subsidios de luz y de gas: el Gobierno oficializ\u00f3 aumentos mayores al 155% para usuarios de ingresos medios y bajos"},"content":{"rendered":"<p class=\"paragraph\" data-mrf-recirculation=\"Links inline\">Gobierno de <b>Javier Milei<\/b> oficializ\u00f3 este mi\u00e9rcoles los detalles de la quita de subsidios a la tarifa de energ\u00eda que comenzar\u00e1 a regir en junio como parte de la transici\u00f3n hacia un nuevo esquema de asistencia. Todos los usuarios, pero sobre todo los <b>residenciales de ingresos medios y bajos, pagar\u00e1n m\u00e1s caro por la luz y el gas<\/b> que utilicen pero tambi\u00e9n tendr\u00e1n nuevos topes de consumo subsidiado m\u00e1s bajos.<\/p>\n<div class=\"news-module\" data-mrf-recirculation=\"IL_2_GB_9O-QPaEgG0T7rEvhQ\" data-testid=\"text-html\" data-mrf-experience=\"IL_2_GB_9O-QPaEgG0T7rEvhQ\">\n<div class=\"recommended-card__info\">Los usuarios residenciales podr\u00edan recibir aumentos que en algunos casos superar\u00e1n el 155% para la energ\u00eda el\u00e9ctrica seg\u00fan las primeras estimaciones privadas que recogi\u00f3 <b>Infobae<\/b> y los c\u00e1lculos oficiales. En el caso del gas las subas son m\u00e1s moderadas, de hasta 30% respecto a las boletas anteriores.<\/div>\n<\/div>\n<div>De todos modos, ning\u00fan usuario residencial, comercial e industrial pagar\u00e1 el costo pleno de la energ\u00eda consumida por lo que todos ser\u00e1n subvencionados.<\/div>\n<div>\n<div class=\"headline-wrapper\">\n<h2 class=\"header headline-class-h2\">Aumentos de la luz<\/h2>\n<\/div>\n<p class=\"paragraph\" data-mrf-recirculation=\"Links inline\">Es importante resaltar que por la segmentaci\u00f3n de subsidios actual, existen tres tipos de hogares: los de <b>ingresos altos (N1), ingresos bajos (N2) e ingresos medios (N3)<\/b>. Los N2 y N3 cubren solo una peque\u00f1a parte de los costos de la energ\u00eda que consumen, que es uno de los \u00edtems de las facturas, adem\u00e1s del costo de transporte, de distribuci\u00f3n y los impuestos nacionales, municipales y provinciales.<\/p>\n<p data-mrf-recirculation=\"Links inline\">La <b>Resoluci\u00f3n 92\/2024 de la Secretar\u00eda de Energ\u00eda <\/b>llev\u00f3 el <b>Precio Estacional de la Energ\u00eda (PEST) <\/b>para el per\u00edodo mayo-octubre a $71.411 por megawatt hora (MWh). Los N1 al igual que comercios e industrias, pagar\u00e1n $57.214 el MWh. Los N2 tendr\u00e1n una bonificaci\u00f3n del 71,9% y los N2 del 55,9% sobre ese precio en la factura. Estos dos \u00faltimos segmentos pagaban el 4% y el 3%, respectivamente, del valor vigente hasta abril.<\/p>\n<\/div>\n<div class=\"news-module\" data-mrf-recirculation=\"IL_2_GB_9O-QPaEgG0T7rEvhQ\" data-testid=\"text-html\" data-mrf-experience=\"IL_2_GB_9O-QPaEgG0T7rEvhQ\">\n<div>\n<div class=\"headline-wrapper\">\n<h2 class=\"header headline-class-h2\">Aumento del gas<\/h2>\n<\/div>\n<p class=\"paragraph\" data-mrf-recirculation=\"Links inline\">A trav\u00e9s de la <b>Resoluci\u00f3n 91\/2024<\/b> tambi\u00e9n se estableci\u00f3 el precio de gas natural en el Punto de Ingreso al Sistema de Transporte (PIST) a trasladar a las tarifas finales. El PIST es el precio del gas que consumen los usuarios, cuyo costo para el per\u00edodo mayo-octubre es de USD 3,29 promedio por mill\u00f3n de BTU (unidad de medida brit\u00e1nica para el gas).<\/p>\n<p class=\"paragraph\" data-mrf-recirculation=\"Links inline\">Los usuarios de N1 (altos ingresos) <b>pagar\u00e1n USD 3,29 promedio por mill\u00f3n de BTU. <\/b>Sin embargo, se estima que el precio del gas en invierno est\u00e1 en torno a USD 5 por mill\u00f3n de BTU, por lo que seguir\u00e1n subsidiados.<\/p>\n<p class=\"paragraph\" data-mrf-recirculation=\"Links inline\">Los usuarios N2 tendr\u00e1n <b>una bonificaci\u00f3n del 64%<\/b> sobre el precio que pagan los de altos ingresos, es decir cubrir\u00e1n USD 1,18 por mill\u00f3n de BTU. Hasta abril abonaban USD 0,8 por mill\u00f3n de BTU, por lo que <b>pagar\u00e1n casi 55% m\u00e1s caro por el gas<\/b>.<\/p>\n<p class=\"paragraph\" data-mrf-recirculation=\"Links inline\">Los residenciales N3 <b>tendr\u00e1n una bonificaci\u00f3n del 55% <\/b>sobre el PIST, por lo que solo pagar\u00e1n casi USD 1,81 por mill\u00f3n de BTU. Hasta abril pagaban USD 1,1 por mill\u00f3n de BTU, lo que implica <b>una suba del 64% en ese concepto<\/b>.<\/p>\n<\/div>\n<\/div>\n","protected":false},"excerpt":{"rendered":"<p>Gobierno de Javier Milei oficializ\u00f3 este mi\u00e9rcoles los detalles de la quita de subsidios a la tarifa de energ\u00eda que comenzar\u00e1 a regir en junio como parte de la transici\u00f3n hacia un nuevo esquema de asistencia. Todos los usuarios, pero sobre todo los residenciales de ingresos medios y bajos, pagar\u00e1n m\u00e1s caro por la luz [&hellip;]<\/p>\n","protected":false},"author":2,"featured_media":830,"comment_status":"open","ping_status":"open","sticky":false,"template":"","format":"standard","meta":{"footnotes":""},"categories":[23,22],"tags":[],"class_list":{"0":"post-829","1":"post","2":"type-post","3":"status-publish","4":"format-standard","5":"has-post-thumbnail","7":"category-destacados","8":"category-nacionales"},"aioseo_notices":[],"_links":{"self":[{"href":"https:\/\/elfaroonline.com.ar\/index.php\/wp-json\/wp\/v2\/posts\/829","targetHints":{"allow":["GET"]}}],"collection":[{"href":"https:\/\/elfaroonline.com.ar\/index.php\/wp-json\/wp\/v2\/posts"}],"about":[{"href":"https:\/\/elfaroonline.com.ar\/index.php\/wp-json\/wp\/v2\/types\/post"}],"author":[{"embeddable":true,"href":"https:\/\/elfaroonline.com.ar\/index.php\/wp-json\/wp\/v2\/users\/2"}],"replies":[{"embeddable":true,"href":"https:\/\/elfaroonline.com.ar\/index.php\/wp-json\/wp\/v2\/comments?post=829"}],"version-history":[{"count":1,"href":"https:\/\/elfaroonline.com.ar\/index.php\/wp-json\/wp\/v2\/posts\/829\/revisions"}],"predecessor-version":[{"id":831,"href":"https:\/\/elfaroonline.com.ar\/index.php\/wp-json\/wp\/v2\/posts\/829\/revisions\/831"}],"wp:featuredmedia":[{"embeddable":true,"href":"https:\/\/elfaroonline.com.ar\/index.php\/wp-json\/wp\/v2\/media\/830"}],"wp:attachment":[{"href":"https:\/\/elfaroonline.com.ar\/index.php\/wp-json\/wp\/v2\/media?parent=829"}],"wp:term":[{"taxonomy":"category","embeddable":true,"href":"https:\/\/elfaroonline.com.ar\/index.php\/wp-json\/wp\/v2\/categories?post=829"},{"taxonomy":"post_tag","embeddable":true,"href":"https:\/\/elfaroonline.com.ar\/index.php\/wp-json\/wp\/v2\/tags?post=829"}],"curies":[{"name":"wp","href":"https:\/\/api.w.org\/{rel}","templated":true}]}}