{"id":838,"date":"2024-06-05T13:02:14","date_gmt":"2024-06-05T16:02:14","guid":{"rendered":"https:\/\/elfaroonline.com.ar\/?p=838"},"modified":"2024-06-05T13:02:14","modified_gmt":"2024-06-05T16:02:14","slug":"la-polemica-reflexion-de-mbappe-tras-perder-la-final-del-mundial-con-argentina-la-eurocopa-es-mas-dificil","status":"publish","type":"post","link":"https:\/\/elfaroonline.com.ar\/index.php\/2024\/06\/05\/la-polemica-reflexion-de-mbappe-tras-perder-la-final-del-mundial-con-argentina-la-eurocopa-es-mas-dificil\/","title":{"rendered":"La pol\u00e9mica reflexi\u00f3n de Mbapp\u00e9 tras perder la final del Mundial con Argentina: \u201cLa Eurocopa es m\u00e1s dif\u00edcil\u201d"},"content":{"rendered":"<p>Un d\u00eda despu\u00e9s de confirmar su llegada al <b>Real Madrid<\/b>, <b>Kylian Mbapp\u00e9<\/b> volvi\u00f3 a ser noticia y esta vez por sus declaraciones en la previa de la <b>Eurocopa<\/b> que se jugar\u00e1 en <b>Alemania<\/b> del 14 de junio al 14 de julio. <b>Francia<\/b> es uno de los m\u00e1ximos candidatos y su m\u00e1xima figura volvi\u00f3 a encender la pol\u00e9mica sobre la m\u00e1xima exigencia a nivel de selecciones. Para el delantero, de 25 a\u00f1os, el torneo del Viejo Mundo es m\u00e1s dif\u00edcil que un <b>Mundial<\/b>.<\/p>\n<p>\u201dSiempre lo he sentido de la misma manera. Es una competici\u00f3n realmente muy complicada. <b>Para m\u00ed la Euro es m\u00e1s dif\u00edcil que la Copa del Mundo<\/b>, a pesar de que hay mucha m\u00e1s presi\u00f3n en un Mundial\u201d, sentenci\u00f3. \u201cAc\u00e1 todos los equipos se conocen entre s\u00ed, <b>jugamos entre nosotros todo el tiempo<\/b>. T\u00e1cticamente es un f\u00fatbol muy similar\u201d, explic\u00f3.<\/p>\n<p>\u201cDesde la fase de grupos ser\u00e1 muy complicada. Jugamos con Austria, un equipo sorprendente. Tambi\u00e9n tenemos a Pa\u00edses Bajos y a Polonia, que es un equipo muy bueno y que enfrentamos en los octavos de final del Mundial y a\u00fan as\u00ed necesitaron el repechaje para entrar, lo cual demuestra la complejidad de la competencia\u201d, agreg\u00f3.<\/p>\n<p>\u201cEs una competici\u00f3n que no ganamos desde hace 24 a\u00f1os y eso es enorme, pero no nos estamos poniendo ninguna presi\u00f3n extra. Seguimos prepar\u00e1ndonos para la fase de grupos, para hacer un buen papel\u201d, indic\u00f3 sobre el certamen que Francia gan\u00f3 en dos oportunidades, de local en 1984 y en Pa\u00edses Bajos y B\u00e9lgica en 2000.<\/p>\n<p>Sus testimonios pueden compararse con los que hizo antes del \u00faltimo Mundial en Qatar 2022, cuando asever\u00f3 que el nivel del f\u00fatbol europeo era mejor que el sudamericano. \u201cLa ventaja que tenemos aqu\u00ed es que siempre jugamos partidos de mucho nivel, tenemos el de Nations League por ejemplo. Cuando lleguemos a la Copa del Mundo, estaremos listos\u201d, afirm\u00f3.<\/p>\n","protected":false},"excerpt":{"rendered":"<p>Un d\u00eda despu\u00e9s de confirmar su llegada al Real Madrid, Kylian Mbapp\u00e9 volvi\u00f3 a ser noticia y esta vez por sus declaraciones en la previa de la Eurocopa que se jugar\u00e1 en Alemania del 14 de junio al 14 de julio. Francia es uno de los m\u00e1ximos candidatos y su m\u00e1xima figura volvi\u00f3 a encender [&hellip;]<\/p>\n","protected":false},"author":2,"featured_media":839,"comment_status":"open","ping_status":"open","sticky":false,"template":"","format":"standard","meta":{"footnotes":""},"categories":[25],"tags":[],"class_list":{"0":"post-838","1":"post","2":"type-post","3":"status-publish","4":"format-standard","5":"has-post-thumbnail","7":"category-deportes"},"aioseo_notices":[],"_links":{"self":[{"href":"https:\/\/elfaroonline.com.ar\/index.php\/wp-json\/wp\/v2\/posts\/838","targetHints":{"allow":["GET"]}}],"collection":[{"href":"https:\/\/elfaroonline.com.ar\/index.php\/wp-json\/wp\/v2\/posts"}],"about":[{"href":"https:\/\/elfaroonline.com.ar\/index.php\/wp-json\/wp\/v2\/types\/post"}],"author":[{"embeddable":true,"href":"https:\/\/elfaroonline.com.ar\/index.php\/wp-json\/wp\/v2\/users\/2"}],"replies":[{"embeddable":true,"href":"https:\/\/elfaroonline.com.ar\/index.php\/wp-json\/wp\/v2\/comments?post=838"}],"version-history":[{"count":1,"href":"https:\/\/elfaroonline.com.ar\/index.php\/wp-json\/wp\/v2\/posts\/838\/revisions"}],"predecessor-version":[{"id":840,"href":"https:\/\/elfaroonline.com.ar\/index.php\/wp-json\/wp\/v2\/posts\/838\/revisions\/840"}],"wp:featuredmedia":[{"embeddable":true,"href":"https:\/\/elfaroonline.com.ar\/index.php\/wp-json\/wp\/v2\/media\/839"}],"wp:attachment":[{"href":"https:\/\/elfaroonline.com.ar\/index.php\/wp-json\/wp\/v2\/media?parent=838"}],"wp:term":[{"taxonomy":"category","embeddable":true,"href":"https:\/\/elfaroonline.com.ar\/index.php\/wp-json\/wp\/v2\/categories?post=838"},{"taxonomy":"post_tag","embeddable":true,"href":"https:\/\/elfaroonline.com.ar\/index.php\/wp-json\/wp\/v2\/tags?post=838"}],"curies":[{"name":"wp","href":"https:\/\/api.w.org\/{rel}","templated":true}]}}