{"id":842,"date":"2024-06-07T00:02:25","date_gmt":"2024-06-07T03:02:25","guid":{"rendered":"https:\/\/elfaroonline.com.ar\/?p=842"},"modified":"2024-06-07T00:14:31","modified_gmt":"2024-06-07T03:14:31","slug":"empresa-catamarquena-expuso-sus-nuevas-tecnologias-y-equipamientos-para-el-desarrollo-minero","status":"publish","type":"post","link":"https:\/\/elfaroonline.com.ar\/index.php\/2024\/06\/07\/empresa-catamarquena-expuso-sus-nuevas-tecnologias-y-equipamientos-para-el-desarrollo-minero\/","title":{"rendered":"Empresa catamarque\u00f1a expuso sus nuevas tecnolog\u00edas y equipamientos para el desarrollo minero"},"content":{"rendered":"<p class=\"v1MsoNormal\">La empresa catamarque\u00f1a Hidro Construcciones S.R.L. expuso su potencial tecnol\u00f3gico y de servicios en favor del desarrollo de diferentes emprendimientos empresariales y mineros.<\/p>\n<p class=\"v1MsoNormal\">El gobernador Ra\u00fal Jalil, junto al vicegobernador Rub\u00e9n Dusso, participaron de la muestra que tuvo lugar en Valle Viejo, y donde se expuso ante autoridades provinciales, sector empresarial privado, principales referentes del \u00e1mbito minero, invitados especiales y comunidad en general las diversas actividades que viene efectuando esta empresa y principalmente efectuar una muestra de las tecnolog\u00edas y equipamientos de alta complejidad adquiridos para el desarrollo de las mismas.<\/p>\n<p class=\"v1MsoNormal\">En la oportunidad, uno de los responsables de la firma, ingeniero Alberto Reinero, destac\u00f3 el alcance de la muestra llevada a cabo debido a que permite visibilizar el potencial de Hidro Construcciones, una empresa que cuenta con doce a\u00f1os de antig\u00fcedad. &#8220;Apuntamos a dar soluciones integrales en la exploraci\u00f3n, extracci\u00f3n y gesti\u00f3n de los recursos h\u00eddricos y fluidos minerales, puesto que comenzamos siendo una peque\u00f1a empresa y a trav\u00e9s del trabajo, esfuerzo y desarrollo de proyectos y la confianza de nuestros clientes logramos crecer y alcanzar lo que hoy orgullosamente mostramos&#8221;.<\/p>\n<p class=\"v1MsoNormal\">Y agreg\u00f3: &#8220;sostenemos tecnolog\u00eda, equipamiento de alta complejidad y, sobre todo, un gran recurso humano y que nos permite posicionarnos como una empresa netamente catamarque\u00f1a de gran envergadura&#8221;.<\/p>\n<p class=\"v1MsoNormal\">Asimismo, el empresario destac\u00f3 el efecto y el impacto que la miner\u00eda posee en la actualidad, tanto a nivel mundial como en el pa\u00eds y en Catamarca: &#8220;Hidro Construcciones quiere demostrar que est\u00e1 a la altura y que puede responder a esos nuevos desaf\u00edos, adem\u00e1s de desarrollar mano de obra catamarque\u00f1a y que ayudar\u00e1 seguramente al engrandecimiento de nuestra querida Catamarca&#8221;.<\/p>\n<p class=\"v1MsoNormal\">Cabe destacar, que se trata de una empresa catamarque\u00f1a presente en el mercado del agua desde hace doce a\u00f1os y que apunta a desarrollar soluciones integrales en la exploraci\u00f3n, extracci\u00f3n y gesti\u00f3n de los recursos h\u00eddricos y fluidos minerales, basando su trabajo en la \u00e9tica profesional, el compromiso con el medio ambiente, la seguridad de las personas y sus clientes.<\/p>\n<p class=\"v1MsoNormal\">Acompa\u00f1aron al Gobernador en la muestra la intendenta de Valle Viejo, Susana Zenteno; los propietarios de la empresa Hidro Construcciones, invitados especiales, entre otros.<\/p>\n","protected":false},"excerpt":{"rendered":"<p>La empresa catamarque\u00f1a Hidro Construcciones S.R.L. expuso su potencial tecnol\u00f3gico y de servicios en favor del desarrollo de diferentes emprendimientos empresariales y mineros. El gobernador Ra\u00fal Jalil, junto al vicegobernador Rub\u00e9n Dusso, participaron de la muestra que tuvo lugar en Valle Viejo, y donde se expuso ante autoridades provinciales, sector empresarial privado, principales referentes del [&hellip;]<\/p>\n","protected":false},"author":2,"featured_media":843,"comment_status":"open","ping_status":"open","sticky":false,"template":"","format":"standard","meta":{"footnotes":""},"categories":[23,21],"tags":[],"class_list":{"0":"post-842","1":"post","2":"type-post","3":"status-publish","4":"format-standard","5":"has-post-thumbnail","7":"category-destacados","8":"category-politica"},"aioseo_notices":[],"_links":{"self":[{"href":"https:\/\/elfaroonline.com.ar\/index.php\/wp-json\/wp\/v2\/posts\/842","targetHints":{"allow":["GET"]}}],"collection":[{"href":"https:\/\/elfaroonline.com.ar\/index.php\/wp-json\/wp\/v2\/posts"}],"about":[{"href":"https:\/\/elfaroonline.com.ar\/index.php\/wp-json\/wp\/v2\/types\/post"}],"author":[{"embeddable":true,"href":"https:\/\/elfaroonline.com.ar\/index.php\/wp-json\/wp\/v2\/users\/2"}],"replies":[{"embeddable":true,"href":"https:\/\/elfaroonline.com.ar\/index.php\/wp-json\/wp\/v2\/comments?post=842"}],"version-history":[{"count":1,"href":"https:\/\/elfaroonline.com.ar\/index.php\/wp-json\/wp\/v2\/posts\/842\/revisions"}],"predecessor-version":[{"id":844,"href":"https:\/\/elfaroonline.com.ar\/index.php\/wp-json\/wp\/v2\/posts\/842\/revisions\/844"}],"wp:featuredmedia":[{"embeddable":true,"href":"https:\/\/elfaroonline.com.ar\/index.php\/wp-json\/wp\/v2\/media\/843"}],"wp:attachment":[{"href":"https:\/\/elfaroonline.com.ar\/index.php\/wp-json\/wp\/v2\/media?parent=842"}],"wp:term":[{"taxonomy":"category","embeddable":true,"href":"https:\/\/elfaroonline.com.ar\/index.php\/wp-json\/wp\/v2\/categories?post=842"},{"taxonomy":"post_tag","embeddable":true,"href":"https:\/\/elfaroonline.com.ar\/index.php\/wp-json\/wp\/v2\/tags?post=842"}],"curies":[{"name":"wp","href":"https:\/\/api.w.org\/{rel}","templated":true}]}}