{"id":845,"date":"2024-06-07T00:04:42","date_gmt":"2024-06-07T03:04:42","guid":{"rendered":"https:\/\/elfaroonline.com.ar\/?p=845"},"modified":"2024-06-07T00:15:08","modified_gmt":"2024-06-07T03:15:08","slug":"la-capital-presento-su-agenda-de-actividades-turisticas-de-junio-y-el-programa-dias-turisticos","status":"publish","type":"post","link":"https:\/\/elfaroonline.com.ar\/index.php\/2024\/06\/07\/la-capital-presento-su-agenda-de-actividades-turisticas-de-junio-y-el-programa-dias-turisticos\/","title":{"rendered":"La Capital present\u00f3 su agenda de actividades tur\u00edsticas de Junio y el Programa D\u00edas Tur\u00edsticos"},"content":{"rendered":"<div>El Municipio de la Capital, a trav\u00e9s de la Secretaria de Turismo y Desarrollo Econ\u00f3mico, junto con asociaciones y entidades financieras, present\u00f3 su agenda de actividades tur\u00edsticas previstas para este mes junio, que tendr\u00e1 dos fines de semana largo, y la realizaci\u00f3n de la 3ra. edici\u00f3n del Programa &#8220;D\u00edas Tur\u00edsticos&#8221;, mediante el cual se busca incentivar el consumo local.<\/div>\n<div class=\"v1elementToProof\">Mediante el mencionado programa, una vez m\u00e1s los residentes y turistas que realicen sus compras de productos y\/o servicios entre el 10 y el 23 de junio en comercios, bares, restaurantes y hoteles adheridos, podr\u00e1n participar de un sorteo con importantes premios, como ser vouchers de consumo en comercios, tel\u00e9fonos celulares y kits de viajes, entre otros. La modalidad ser\u00e1 similar a las ediciones anteriores, mediante la cual las personas que realicen alguna compra deber\u00e1n cargar los datos de su ticket o factura en un formulario digital al que podr\u00e1n acceder escaneando un c\u00f3digo QR del programa, el cual estar\u00e1 visible en cada establecimiento comercial.<\/div>\n<div class=\"v1elementToProof\">El sorteo de los premios se realizar\u00e1 el 26 de junio, e incluye tambi\u00e9n un premio especial de materiales de promoci\u00f3n y capacitaciones para al comercio que suba la mayor cantidad de tickets en la plataforma. Tambi\u00e9n habr\u00e1 algunos sorteos que se realizar\u00e1n de manera instant\u00e1nea durante los findes de semana largo, con la intenci\u00f3n que los turistas puedan llevarse su premio en el momento.<\/div>\n<div class=\"v1elementToProof\">Es importante destacar que este programa se realiza en conjunto entre la Secretar\u00eda de Turismo y Desarrollo Econ\u00f3mico de la Municipalidad de la Capital, la Asociaci\u00f3n de Hoteles, Restaurantes, Bares, Confiter\u00edas y afines, la Uni\u00f3n Comercial de Catamarca, los Bancos Naci\u00f3n, Santander, Galicia, Macro y Santiago del Estero, junto a Tarjeta Naranja y Centro Card y la empresa Urquiza. En efecto, las entidades financieras adheridas ofrecer\u00e1n beneficios y promociones exclusivas durante los d\u00edas mencionados, facilitando de esta forma la oportunidad de aprovechar esta iniciativa.<\/div>\n<div><b>Agenda de actividades tur\u00edsticas<\/b><\/div>\n<div class=\"v1elementToProof\">Habr\u00e1 una gran variedad de propuestas tur\u00edsticas durante este mes de Junio en la Capital, centralizados en dos fines de semana principalmente: uno de ellos de 3 d\u00edas que incluye el d\u00eda del Padre (del 15 al 17 de Junio) y el finde XXL del 20 al 23.\u00a0 Entre las alternativas que habr\u00e1 para realizar, se destaca lo que se propone en la Casa de la Puna con la realizaci\u00f3n del tradicional Patio Criollo (m\u00fasica en vivo, espect\u00e1culo para chicos, venta de artesan\u00edas, talleres y el espacio gastron\u00f3mico) tanto para el d\u00eda del padre (16 de Junio) y especialmente en los d\u00edas 21 y 22 de junio con el desarrollo de la Feria &#8220;Vinos y Sabores&#8221;.<\/div>\n<div>En el mismo espacio se mantendr\u00e1 la Pe\u00f1a estable todos los d\u00edas viernes desde las 22 horas con un espacio climatizado y para el d\u00eda 22 de Junio est\u00e1 prevista la realizaci\u00f3n del Festival NOA alternativo con una noche de m\u00fasica Indie, incluyendo espect\u00e1culo ac\u00fastico desde las 22:00 hs. Adem\u00e1s, el s\u00e1bado 15 de junio se realizar\u00e1 nuevamente la feria artesan\u00edas &amp; dise\u00f1o (edici\u00f3n D\u00eda del padre) con la venta de artesan\u00edas, productos org\u00e1nicos, regionales y objetos de dise\u00f1o.<\/div>\n<div class=\"v1elementToProof\">En tanto que, en el Pueblo Perdido de la Quebrada, habr\u00e1 una serie de actividades vinculadas a celebraciones ancestrales. El d\u00eda viernes 21 de junio se realizar\u00e1 la Sanaci\u00f3n de luna llena (Hunta Killa) a cargo de Profes Mari\u00e1ngeles Nieva, Armando Molas y Luis Ramos) desde las 20 horas. En tanto que s\u00e1bado 22 se realizar\u00e1 la tradicional celebraci\u00f3n del Inti Raymi (Fiesta del Sol) a las 9 horas y el domingo 23 la celebraci\u00f3n del vuelo del Sol Nuevo (Ill\u00e1m Puns\u00edn) tambi\u00e9n a las 9 horas.<\/div>\n<div>Asimismo, se mantendr\u00e1n todas las actividades previstas en el Ecoparque de El Jumeal, como ser el kayak, tirolesa y turismo astron\u00f3mico, como as\u00ed tambi\u00e9n el resto de los servicios (EcoTur, alquiler de bicicletas asistidas y el Bus Tur\u00edstico). Tambi\u00e9n, en la Casa SFVC (San Mart\u00edn 345) habr\u00e1 una nutrida agenda de talleres culturales y sobre diversas tem\u00e1ticas, disponibles para el turista y los residentes (consultar agenda).<\/div>\n<div><b>Grandes expectativas para los fines de semana largo<\/b><\/div>\n<div>Durante la presentaci\u00f3n, la Secretar\u00eda de Turismo y Desarrollo Econ\u00f3mico de la Municipalidad de la Capital In\u00e9s Gal\u00edndez, resalt\u00f3: &#8220;Hemos consolidado las alianzas estrat\u00e9gicas con el sector privado, financiero y las asociaciones, promoviendo as\u00ed el sistema productivo local en beneficio de nuestra comunidad. Estamos con muchas expectativas de que tengamos mucho movimiento en la ciudad y para ello estamos trabajando con nuevas agendas y nuevas actividades&#8221;.<\/div>\n<div class=\"v1elementToProof\">En tanto que, el Director de Turismo Gustavo Yurquina, remarc\u00f3 que &#8220;se trabaja con un doble prop\u00f3sito que es incrementar las ventas y tambi\u00e9n generar un impacto muy positivo en la ciudad con todas las propuestas que tenemos mediante nuestra agenda de actividades&#8221;.<\/div>\n<div class=\"v1elementToProof\">Por su parte, Sebasti\u00e1n C\u00f3rdoba, Pte. de las Asociaci\u00f3n de Hoteles, Restoranes, Bares y Afines de Catamarca, manifest\u00f3 que el sector al cual representa se mantiene &#8220;expectante para estos fines de semana debido al movimiento que puede generar. Creemos que habr\u00e1 muchas reservas, principalmente cerca de los fines de semana&#8221;. Mientras que Diego Godoy, Gerente del Banco Santander, y en representaci\u00f3n de las entidades financieras adheridas al Programa D\u00edas Tur\u00edsticos, se\u00f1al\u00f3 que se &#8220;trabaja en conjunto para que la gente aproveche todas las promociones que tiene cada una de las entidades.\u00a0 Las expectativas son buenas, esperamos superar la cantidad de comercios adheridos porque ayuda a toda la econom\u00eda.<\/div>\n","protected":false},"excerpt":{"rendered":"<p>El Municipio de la Capital, a trav\u00e9s de la Secretaria de Turismo y Desarrollo Econ\u00f3mico, junto con asociaciones y entidades financieras, present\u00f3 su agenda de actividades tur\u00edsticas previstas para este mes junio, que tendr\u00e1 dos fines de semana largo, y la realizaci\u00f3n de la 3ra. edici\u00f3n del Programa &#8220;D\u00edas Tur\u00edsticos&#8221;, mediante el cual se busca [&hellip;]<\/p>\n","protected":false},"author":2,"featured_media":846,"comment_status":"open","ping_status":"open","sticky":false,"template":"","format":"standard","meta":{"footnotes":""},"categories":[23,20],"tags":[],"class_list":{"0":"post-845","1":"post","2":"type-post","3":"status-publish","4":"format-standard","5":"has-post-thumbnail","7":"category-destacados","8":"category-sociedad"},"aioseo_notices":[],"_links":{"self":[{"href":"https:\/\/elfaroonline.com.ar\/index.php\/wp-json\/wp\/v2\/posts\/845","targetHints":{"allow":["GET"]}}],"collection":[{"href":"https:\/\/elfaroonline.com.ar\/index.php\/wp-json\/wp\/v2\/posts"}],"about":[{"href":"https:\/\/elfaroonline.com.ar\/index.php\/wp-json\/wp\/v2\/types\/post"}],"author":[{"embeddable":true,"href":"https:\/\/elfaroonline.com.ar\/index.php\/wp-json\/wp\/v2\/users\/2"}],"replies":[{"embeddable":true,"href":"https:\/\/elfaroonline.com.ar\/index.php\/wp-json\/wp\/v2\/comments?post=845"}],"version-history":[{"count":1,"href":"https:\/\/elfaroonline.com.ar\/index.php\/wp-json\/wp\/v2\/posts\/845\/revisions"}],"predecessor-version":[{"id":847,"href":"https:\/\/elfaroonline.com.ar\/index.php\/wp-json\/wp\/v2\/posts\/845\/revisions\/847"}],"wp:featuredmedia":[{"embeddable":true,"href":"https:\/\/elfaroonline.com.ar\/index.php\/wp-json\/wp\/v2\/media\/846"}],"wp:attachment":[{"href":"https:\/\/elfaroonline.com.ar\/index.php\/wp-json\/wp\/v2\/media?parent=845"}],"wp:term":[{"taxonomy":"category","embeddable":true,"href":"https:\/\/elfaroonline.com.ar\/index.php\/wp-json\/wp\/v2\/categories?post=845"},{"taxonomy":"post_tag","embeddable":true,"href":"https:\/\/elfaroonline.com.ar\/index.php\/wp-json\/wp\/v2\/tags?post=845"}],"curies":[{"name":"wp","href":"https:\/\/api.w.org\/{rel}","templated":true}]}}