{"id":848,"date":"2024-06-07T00:07:11","date_gmt":"2024-06-07T03:07:11","guid":{"rendered":"https:\/\/elfaroonline.com.ar\/?p=848"},"modified":"2024-06-07T00:13:46","modified_gmt":"2024-06-07T03:13:46","slug":"efectivos-de-la-direccion-drogas-peligrosas-detienen-a-dos-personas-y-secuestraron-mas-de-37-kg-de-marihuana-en-valle-viejo","status":"publish","type":"post","link":"https:\/\/elfaroonline.com.ar\/index.php\/2024\/06\/07\/efectivos-de-la-direccion-drogas-peligrosas-detienen-a-dos-personas-y-secuestraron-mas-de-37-kg-de-marihuana-en-valle-viejo\/","title":{"rendered":"Efectivos de la Direcci\u00f3n Drogas Peligrosas detienen a dos personas y secuestraron m\u00e1s de 37 Kg. de Marihuana en Valle Viejo"},"content":{"rendered":"<p class=\"v1MsoNormal\">En la tarde de ayer, tras una ardua y minuciosa tarea investigativa, bajo las directivas del Juzgado Federal, a cargo del Dr. Miguel \u00c1ngel Contreras, Secretar\u00eda a cargo de los Dres. Ra\u00fal Enrique C\u00f3rdoba y Luis Alberto Baracat, efectivos de la <b>Direcci\u00f3n Drogas Peligrosas<\/b> <b>de la Polic\u00eda de la Provincia<\/b> interceptaron dos motocicletas en la calle Hermanas Villagr\u00e1n de la localidad de Polcos, Departamento Valle Viejo, y procedieron a la detenci\u00f3n de dos hombres de <b>33<\/b> y <b>43<\/b> a\u00f1os de edad, y al secuestro de <b>33<\/b> ladrillos compactados conteniendo una sustancia herb\u00e1cea, que ambos llevaban en bolsos.<\/p>\n<p class=\"v1MsoNormal\">Tras ser sometida a la prueba de campo, arroj\u00f3 como resultado que se tratar\u00edan de 37,688 Kg. de Marihuana, que quedaron en calidad de secuestro, al igual que dos tel\u00e9fonos celulares.<\/p>\n<p class=\"v1MsoNormal\">Cabe se\u00f1alar, que desde la Justicia interviniente se ordenaron dos allanamientos en inmuebles del Sur de la Capital, donde los investigadores secuestraron cuatro (4) balanzas de precisi\u00f3n, y colabor\u00f3 en los procedimientos personal de la <b>Direcci\u00f3n de Operaciones Especiales Kuntur<\/b>, <b>Jefatura de Zona Norte<\/b>, <b>Grupo de Intervenci\u00f3n R\u00e1pida (GIR Sur)<\/b>.<\/p>\n<p class=\"v1MsoNormal\">Finalmente, ambos detenidos fueron alojados en dependencias policiales a disposici\u00f3n de la Justicia Federal, desde donde se indicaron las medidas a seguir.<\/p>\n","protected":false},"excerpt":{"rendered":"<p>En la tarde de ayer, tras una ardua y minuciosa tarea investigativa, bajo las directivas del Juzgado Federal, a cargo del Dr. Miguel \u00c1ngel Contreras, Secretar\u00eda a cargo de los Dres. Ra\u00fal Enrique C\u00f3rdoba y Luis Alberto Baracat, efectivos de la Direcci\u00f3n Drogas Peligrosas de la Polic\u00eda de la Provincia interceptaron dos motocicletas en la [&hellip;]<\/p>\n","protected":false},"author":2,"featured_media":849,"comment_status":"open","ping_status":"open","sticky":false,"template":"","format":"standard","meta":{"footnotes":""},"categories":[23,27],"tags":[],"class_list":{"0":"post-848","1":"post","2":"type-post","3":"status-publish","4":"format-standard","5":"has-post-thumbnail","7":"category-destacados","8":"category-policiales"},"aioseo_notices":[],"_links":{"self":[{"href":"https:\/\/elfaroonline.com.ar\/index.php\/wp-json\/wp\/v2\/posts\/848","targetHints":{"allow":["GET"]}}],"collection":[{"href":"https:\/\/elfaroonline.com.ar\/index.php\/wp-json\/wp\/v2\/posts"}],"about":[{"href":"https:\/\/elfaroonline.com.ar\/index.php\/wp-json\/wp\/v2\/types\/post"}],"author":[{"embeddable":true,"href":"https:\/\/elfaroonline.com.ar\/index.php\/wp-json\/wp\/v2\/users\/2"}],"replies":[{"embeddable":true,"href":"https:\/\/elfaroonline.com.ar\/index.php\/wp-json\/wp\/v2\/comments?post=848"}],"version-history":[{"count":1,"href":"https:\/\/elfaroonline.com.ar\/index.php\/wp-json\/wp\/v2\/posts\/848\/revisions"}],"predecessor-version":[{"id":850,"href":"https:\/\/elfaroonline.com.ar\/index.php\/wp-json\/wp\/v2\/posts\/848\/revisions\/850"}],"wp:featuredmedia":[{"embeddable":true,"href":"https:\/\/elfaroonline.com.ar\/index.php\/wp-json\/wp\/v2\/media\/849"}],"wp:attachment":[{"href":"https:\/\/elfaroonline.com.ar\/index.php\/wp-json\/wp\/v2\/media?parent=848"}],"wp:term":[{"taxonomy":"category","embeddable":true,"href":"https:\/\/elfaroonline.com.ar\/index.php\/wp-json\/wp\/v2\/categories?post=848"},{"taxonomy":"post_tag","embeddable":true,"href":"https:\/\/elfaroonline.com.ar\/index.php\/wp-json\/wp\/v2\/tags?post=848"}],"curies":[{"name":"wp","href":"https:\/\/api.w.org\/{rel}","templated":true}]}}