{"id":851,"date":"2024-06-07T00:11:34","date_gmt":"2024-06-07T03:11:34","guid":{"rendered":"https:\/\/elfaroonline.com.ar\/?p=851"},"modified":"2024-06-07T00:11:34","modified_gmt":"2024-06-07T03:11:34","slug":"el-senado-convoco-oficialmente-a-sesionar-por-la-ley-bases-y-el-paquete-fiscal-el-miercoles-12-de-junio","status":"publish","type":"post","link":"https:\/\/elfaroonline.com.ar\/index.php\/2024\/06\/07\/el-senado-convoco-oficialmente-a-sesionar-por-la-ley-bases-y-el-paquete-fiscal-el-miercoles-12-de-junio\/","title":{"rendered":"El Senado convoc\u00f3 oficialmente a sesionar por la Ley Bases y el paquete fiscal el mi\u00e9rcoles 12 de junio"},"content":{"rendered":"<p>Finalmente el Senado de la Naci\u00f3n convoc\u00f3 oficialmente a sesionar por la<b> Ley Bases y el paquete fiscal <\/b>el mi\u00e9rcoles 12 de junio a las 10 horas. El anuncio se realiz\u00f3 a trav\u00e9s de un documento emitido por la propia C\u00e1mara Alta.<\/p>\n<p>La noticia se conoce en el marco de las negociaciones y escenarios que se piensan en el recinto para las votaciones de ambas iniciativas. En ese contexto, el oficialismo encendi\u00f3 las alarmas en las \u00faltimas horas por un panorama delicado en Diputados: <b>La Libertad Avanza teme que las derrotas casi aseguradas en algunos art\u00edculos no puedan ser revertidas en la C\u00e1mara baja, ante un regreso en segunda revisi\u00f3n de las iniciativas<\/b>.<\/p>\n<p>En las \u00faltimas 48 horas, funcionarios del Gobierno asistieron al Senado para finalizar el punteo de lo que ser\u00edan las votaciones de los art\u00edculos. Por caso, anteayer estuvieron el vicejefe de Gabinete, <b>Jos\u00e9 Rolandi<\/b>; y la secretaria de Planeamiento Estrat\u00e9gico, <b>Mar\u00eda Ibarz\u00e1bal Murphy<\/b>. Las p\u00e9rdidas de algunos art\u00edculos, por ahora, no ser\u00edan por dos tercios, algo que liquidar\u00eda el asunto y bloquear\u00eda a Diputados.<\/p>\n<p>La Libertad Avanza ya sabe que el punto m\u00e1s cr\u00edtico es, en el art\u00edculo de privatizaciones, Aerol\u00edneas Argentinas. Tambi\u00e9n se agrega el Correo Argentino a este lote. En el punteo de las votaciones tambi\u00e9n se sumaron serias advertencias sobre las facultades delegadas, algunos \u00edtems del R\u00e9gimen de Incentivo para Grandes Inversiones (RIGI) y la reinstauraci\u00f3n del impuesto a las Ganancias, pese a mejoras otorgadas a patag\u00f3nicos en el \u00faltimo tema.<\/p>\n<p>De hecho, durante el transcurso de esta semana, algunos senadores sugirieron m\u00e1s cambios al oficialismo, una puerta por ahora descartada desde el Ejecutivo.\u00a0<b>La idea del Gobierno es ir a votar con los dict\u00e1menes obtenidos d\u00edas atr\u00e1s y apostar a revertir las derrotas en Diputados. El problema es la masa cr\u00edtica que comenz\u00f3 a germinar en la C\u00e1mara baja y las cr\u00edticas de Javier Milei a varios bloques. Sobre todo, tras la aprobaci\u00f3n horas atr\u00e1s de un nuevo proyecto sobre jubilaciones<\/b>, y la posterior disputa sobre un veto y una insistencia con dos tercios.<\/p>\n","protected":false},"excerpt":{"rendered":"<p>Finalmente el Senado de la Naci\u00f3n convoc\u00f3 oficialmente a sesionar por la Ley Bases y el paquete fiscal el mi\u00e9rcoles 12 de junio a las 10 horas. El anuncio se realiz\u00f3 a trav\u00e9s de un documento emitido por la propia C\u00e1mara Alta. La noticia se conoce en el marco de las negociaciones y escenarios que [&hellip;]<\/p>\n","protected":false},"author":2,"featured_media":852,"comment_status":"open","ping_status":"open","sticky":false,"template":"","format":"standard","meta":{"footnotes":""},"categories":[22],"tags":[],"class_list":{"0":"post-851","1":"post","2":"type-post","3":"status-publish","4":"format-standard","5":"has-post-thumbnail","7":"category-nacionales"},"aioseo_notices":[],"_links":{"self":[{"href":"https:\/\/elfaroonline.com.ar\/index.php\/wp-json\/wp\/v2\/posts\/851","targetHints":{"allow":["GET"]}}],"collection":[{"href":"https:\/\/elfaroonline.com.ar\/index.php\/wp-json\/wp\/v2\/posts"}],"about":[{"href":"https:\/\/elfaroonline.com.ar\/index.php\/wp-json\/wp\/v2\/types\/post"}],"author":[{"embeddable":true,"href":"https:\/\/elfaroonline.com.ar\/index.php\/wp-json\/wp\/v2\/users\/2"}],"replies":[{"embeddable":true,"href":"https:\/\/elfaroonline.com.ar\/index.php\/wp-json\/wp\/v2\/comments?post=851"}],"version-history":[{"count":1,"href":"https:\/\/elfaroonline.com.ar\/index.php\/wp-json\/wp\/v2\/posts\/851\/revisions"}],"predecessor-version":[{"id":853,"href":"https:\/\/elfaroonline.com.ar\/index.php\/wp-json\/wp\/v2\/posts\/851\/revisions\/853"}],"wp:featuredmedia":[{"embeddable":true,"href":"https:\/\/elfaroonline.com.ar\/index.php\/wp-json\/wp\/v2\/media\/852"}],"wp:attachment":[{"href":"https:\/\/elfaroonline.com.ar\/index.php\/wp-json\/wp\/v2\/media?parent=851"}],"wp:term":[{"taxonomy":"category","embeddable":true,"href":"https:\/\/elfaroonline.com.ar\/index.php\/wp-json\/wp\/v2\/categories?post=851"},{"taxonomy":"post_tag","embeddable":true,"href":"https:\/\/elfaroonline.com.ar\/index.php\/wp-json\/wp\/v2\/tags?post=851"}],"curies":[{"name":"wp","href":"https:\/\/api.w.org\/{rel}","templated":true}]}}