{"id":857,"date":"2024-06-08T09:02:55","date_gmt":"2024-06-08T12:02:55","guid":{"rendered":"https:\/\/elfaroonline.com.ar\/?p=857"},"modified":"2024-06-08T09:02:55","modified_gmt":"2024-06-08T12:02:55","slug":"mineria-realizo-un-monitoreo-participativo-con-distintos-actores-de-la-comunidad","status":"publish","type":"post","link":"https:\/\/elfaroonline.com.ar\/index.php\/2024\/06\/08\/mineria-realizo-un-monitoreo-participativo-con-distintos-actores-de-la-comunidad\/","title":{"rendered":"Miner\u00eda realiz\u00f3 un monitoreo participativo con distintos actores de la comunidad"},"content":{"rendered":"<p class=\"v1MsoNormal\">Personal t\u00e9cnico de la Direcci\u00f3n Provincial de Gesti\u00f3n Ambiental Minera (DiPGAM), durante el 27 y 28 de mayo, realiz\u00f3 el monitoreo participativo al subprograma de monitoreo de aguas Campo del Arenal, el que surgi\u00f3 debido al inter\u00e9s de los integrantes del equipo t\u00e9cnico del municipio de Andalgal\u00e1, quienes lo solicitaron durante el proceso de participaci\u00f3n ciudadana del Informe de Impacto Ambiental del proyecto Agua Rica realizado en marzo pasado.<\/p>\n<p class=\"v1MsoNormal\">\n<p class=\"v1MsoNormal\"><b>El monitoreo se realiz\u00f3 con la presencia de:<\/b><\/p>\n<p class=\"v1MsoNormal\">\u2714Representantes del equipo t\u00e9cnico de la municipalidad de Andalgal\u00e1 y del Concejo Deliberante de Andalgal\u00e1,<\/p>\n<p class=\"v1MsoNormal\">\u2714El cacique Alfredo Escudero de la comunidad Ingamana.<\/p>\n<p class=\"v1MsoNormal\">\u2714Centro de Control Minero Ambiental de Santa Mar\u00eda, Jorge Cardozo y Casandra Albarrac\u00edn.<\/p>\n<p class=\"v1MsoNormal\">\u2714Representantes de la municipalidad de Santa Mar\u00eda: el secretario General, German Schvartz; y de la directora de Ambiente, Paola Z\u00e1rate.<\/p>\n<p class=\"v1MsoNormal\">\u2714Representantes de la municipalidad de San Jos\u00e9: Sergio Lagoria y Patricia Cajal<\/p>\n<p class=\"v1MsoNormal\">\u2714Concejo Deliberante del distrito San Jos\u00e9 y el concejal Gast\u00f3n Monasterio de Santa Mar\u00eda.<\/p>\n<p class=\"v1MsoNormal\">\u2714Alumnos del 2do a\u00f1o de la Tecnicatura Superior de Seguridad Higiene y Control Ambiental e Industrial, Melani L\u00f3pez y J\u00e9sica Cancino; del IES de Santa Mar\u00eda.<\/p>\n<p class=\"v1MsoNormal\">El monitoreo se ejecuta en forma trimestral mediante la medici\u00f3n de par\u00e1metros fisicoqu\u00edmicos de los cursos de agua y los niveles existentes en los pozos de en el campo del arenal, adem\u00e1s se recolecta muestras de agua para enviar a analiza a laboratorios externos certificados.<\/p>\n<p class=\"v1MsoNormal\"><b>Norma IRAM<\/b><\/p>\n<p class=\"v1MsoNormal\">El Departamento Geoqu\u00edmica Ambiental que realiza el Monitoreo trabaja bajo un Sistema de Gesti\u00f3n de la Calidad bajo la Norma IRAM ISO 9001:2015; y la informaci\u00f3n recabada durante la realizaci\u00f3n de los Monitoreos Ambientales permite a las autoridades del Ministerio realizar un an\u00e1lisis eficaz y apropiado para la toma de decisiones en relaci\u00f3n con la actividad ambiental minera la que a su vez se encuentra disponible para consulta p\u00fablica a trav\u00e9s de los expedientes administrativos.<\/p>\n","protected":false},"excerpt":{"rendered":"<p>Personal t\u00e9cnico de la Direcci\u00f3n Provincial de Gesti\u00f3n Ambiental Minera (DiPGAM), durante el 27 y 28 de mayo, realiz\u00f3 el monitoreo participativo al subprograma de monitoreo de aguas Campo del Arenal, el que surgi\u00f3 debido al inter\u00e9s de los integrantes del equipo t\u00e9cnico del municipio de Andalgal\u00e1, quienes lo solicitaron durante el proceso de participaci\u00f3n [&hellip;]<\/p>\n","protected":false},"author":2,"featured_media":858,"comment_status":"open","ping_status":"open","sticky":false,"template":"","format":"standard","meta":{"footnotes":""},"categories":[23,21],"tags":[],"class_list":{"0":"post-857","1":"post","2":"type-post","3":"status-publish","4":"format-standard","5":"has-post-thumbnail","7":"category-destacados","8":"category-politica"},"aioseo_notices":[],"_links":{"self":[{"href":"https:\/\/elfaroonline.com.ar\/index.php\/wp-json\/wp\/v2\/posts\/857","targetHints":{"allow":["GET"]}}],"collection":[{"href":"https:\/\/elfaroonline.com.ar\/index.php\/wp-json\/wp\/v2\/posts"}],"about":[{"href":"https:\/\/elfaroonline.com.ar\/index.php\/wp-json\/wp\/v2\/types\/post"}],"author":[{"embeddable":true,"href":"https:\/\/elfaroonline.com.ar\/index.php\/wp-json\/wp\/v2\/users\/2"}],"replies":[{"embeddable":true,"href":"https:\/\/elfaroonline.com.ar\/index.php\/wp-json\/wp\/v2\/comments?post=857"}],"version-history":[{"count":1,"href":"https:\/\/elfaroonline.com.ar\/index.php\/wp-json\/wp\/v2\/posts\/857\/revisions"}],"predecessor-version":[{"id":859,"href":"https:\/\/elfaroonline.com.ar\/index.php\/wp-json\/wp\/v2\/posts\/857\/revisions\/859"}],"wp:featuredmedia":[{"embeddable":true,"href":"https:\/\/elfaroonline.com.ar\/index.php\/wp-json\/wp\/v2\/media\/858"}],"wp:attachment":[{"href":"https:\/\/elfaroonline.com.ar\/index.php\/wp-json\/wp\/v2\/media?parent=857"}],"wp:term":[{"taxonomy":"category","embeddable":true,"href":"https:\/\/elfaroonline.com.ar\/index.php\/wp-json\/wp\/v2\/categories?post=857"},{"taxonomy":"post_tag","embeddable":true,"href":"https:\/\/elfaroonline.com.ar\/index.php\/wp-json\/wp\/v2\/tags?post=857"}],"curies":[{"name":"wp","href":"https:\/\/api.w.org\/{rel}","templated":true}]}}