{"id":866,"date":"2024-06-08T09:09:27","date_gmt":"2024-06-08T12:09:27","guid":{"rendered":"https:\/\/elfaroonline.com.ar\/?p=866"},"modified":"2024-06-08T09:09:27","modified_gmt":"2024-06-08T12:09:27","slug":"raul-jalil-confirmo-asistencia-economica-a-los-trabajadores-despedidos-de-textilcom","status":"publish","type":"post","link":"https:\/\/elfaroonline.com.ar\/index.php\/2024\/06\/08\/raul-jalil-confirmo-asistencia-economica-a-los-trabajadores-despedidos-de-textilcom\/","title":{"rendered":"Ra\u00fal Jalil confirm\u00f3 asistencia econ\u00f3mica a los trabajadores despedidos de Textilcom"},"content":{"rendered":"<p class=\"v1MsoNormal\">Comprometido con la situaci\u00f3n laboral de la provincia, el gobernador Ra\u00fal Jalil se reuni\u00f3 en la Casa de Gobierno con representantes de los trabajadores de la empresa Textilcom y del Sindicato Obrero de la Industria del Vestido y Afines, seccional Catamarca (SOIVA).<\/p>\n<p class=\"v1MsoNormal\">Durante el encuentro, el Gobernador manifest\u00f3 su apoyo y el respaldo del Gobierno provincial ante la compleja realidad laboral de las 130 personas despedidas por la planta textil.<\/p>\n<p class=\"v1MsoNormal\">En este contexto, el mandatario provincial anunci\u00f3 un aporte mensual de $200.000 para cada trabajador, que se sumar\u00e1 de manera independiente al fondo de desempleo que percibir\u00e1n a partir de finales de junio. Este apoyo econ\u00f3mico busca mitigar el impacto del cierre de la f\u00e1brica en la comunidad trabajadora.<\/p>\n<p class=\"v1MsoNormal\">Desde el Ministerio de Industria, Comercio y Empleo confirmaron que contin\u00faan trabajando en la b\u00fasqueda de nuevos inversores para darle continuidad a la actividad de la planta, ratificando su compromiso con la generaci\u00f3n de empleo privado como una pol\u00edtica de Estado. &#8220;El Estado se hace responsable de los catamarque\u00f1os que necesitan asistencia, contenci\u00f3n y gestiones, aunque no tenga poder de decisi\u00f3n o injerencia en el gerenciamiento de los proyectos privados. Lo ocurrido con Textilcom no implica el fracaso de las pol\u00edticas de radicaci\u00f3n industrial y creaci\u00f3n de puestos de trabajo, que atrajeron en los \u00faltimos a\u00f1os decenas de empresas y crearon puestos laborales que siguen vigentes&#8221;, aseguraron desde el ministerio.<\/p>\n<p class=\"v1MsoNormal\">\n<p class=\"v1MsoNormal\">En la reuni\u00f3n participaron tambi\u00e9n el ministro de Industria, Comercio y Empleo, Sebasti\u00e1n Caria; la ministra de Trabajo, Planificaci\u00f3n y Recursos Humanos, Ver\u00f3nica Soria; y el ministro de Desarrollo Social, Gonzalo Mascheroni.<\/p>\n","protected":false},"excerpt":{"rendered":"<p>Comprometido con la situaci\u00f3n laboral de la provincia, el gobernador Ra\u00fal Jalil se reuni\u00f3 en la Casa de Gobierno con representantes de los trabajadores de la empresa Textilcom y del Sindicato Obrero de la Industria del Vestido y Afines, seccional Catamarca (SOIVA). Durante el encuentro, el Gobernador manifest\u00f3 su apoyo y el respaldo del Gobierno [&hellip;]<\/p>\n","protected":false},"author":2,"featured_media":867,"comment_status":"open","ping_status":"open","sticky":false,"template":"","format":"standard","meta":{"footnotes":""},"categories":[21],"tags":[],"class_list":{"0":"post-866","1":"post","2":"type-post","3":"status-publish","4":"format-standard","5":"has-post-thumbnail","7":"category-politica"},"aioseo_notices":[],"_links":{"self":[{"href":"https:\/\/elfaroonline.com.ar\/index.php\/wp-json\/wp\/v2\/posts\/866","targetHints":{"allow":["GET"]}}],"collection":[{"href":"https:\/\/elfaroonline.com.ar\/index.php\/wp-json\/wp\/v2\/posts"}],"about":[{"href":"https:\/\/elfaroonline.com.ar\/index.php\/wp-json\/wp\/v2\/types\/post"}],"author":[{"embeddable":true,"href":"https:\/\/elfaroonline.com.ar\/index.php\/wp-json\/wp\/v2\/users\/2"}],"replies":[{"embeddable":true,"href":"https:\/\/elfaroonline.com.ar\/index.php\/wp-json\/wp\/v2\/comments?post=866"}],"version-history":[{"count":1,"href":"https:\/\/elfaroonline.com.ar\/index.php\/wp-json\/wp\/v2\/posts\/866\/revisions"}],"predecessor-version":[{"id":868,"href":"https:\/\/elfaroonline.com.ar\/index.php\/wp-json\/wp\/v2\/posts\/866\/revisions\/868"}],"wp:featuredmedia":[{"embeddable":true,"href":"https:\/\/elfaroonline.com.ar\/index.php\/wp-json\/wp\/v2\/media\/867"}],"wp:attachment":[{"href":"https:\/\/elfaroonline.com.ar\/index.php\/wp-json\/wp\/v2\/media?parent=866"}],"wp:term":[{"taxonomy":"category","embeddable":true,"href":"https:\/\/elfaroonline.com.ar\/index.php\/wp-json\/wp\/v2\/categories?post=866"},{"taxonomy":"post_tag","embeddable":true,"href":"https:\/\/elfaroonline.com.ar\/index.php\/wp-json\/wp\/v2\/tags?post=866"}],"curies":[{"name":"wp","href":"https:\/\/api.w.org\/{rel}","templated":true}]}}