{"id":869,"date":"2024-06-08T09:14:18","date_gmt":"2024-06-08T12:14:18","guid":{"rendered":"https:\/\/elfaroonline.com.ar\/?p=869"},"modified":"2024-06-08T09:14:18","modified_gmt":"2024-06-08T12:14:18","slug":"el-ministerio-de-capital-humano-termino-la-semana-con-mas-bajas-y-renuncias","status":"publish","type":"post","link":"https:\/\/elfaroonline.com.ar\/index.php\/2024\/06\/08\/el-ministerio-de-capital-humano-termino-la-semana-con-mas-bajas-y-renuncias\/","title":{"rendered":"El Ministerio de Capital Humano termin\u00f3 la semana con m\u00e1s bajas y renuncias"},"content":{"rendered":"<p>La mega estructura que encabeza Sandra Pettovello perdi\u00f3 funcionarios y empleados jer\u00e1rquicos a ritmo acelerado. El racconto de los cambios y novedades que se conocieron hasta hoy en el organismo que re\u00fane a Desarrollo Social, Trabajo, Educaci\u00f3n, Cultura y Anses.<br \/>\nEs, conceptualmente, la creaci\u00f3n principal del Presidente y donde se vienen produciendo despidos, renuncias y bajas. <b>En total, hasta hoy, 42.<\/b><\/p>\n<p>El esc\u00e1ndalo de los alimentos y las contrataciones mediante la Organizaci\u00f3n de Estados Iberoamericanos (OEI), que terminaron con la expulsi\u00f3n de Pablo De la Torre, es el \u00faltimo y m\u00e1s ruidoso de estos episodios, pero que responden a la misma causa, a id\u00e9ntica matriz. En Capital Humano -zona de fractura donde chocan las placas de viejos ministerios reducidos a secretar\u00edas- se desataron las crisis pol\u00edticas que llegaron a comprometer la propia figura presidencial. Para que a nadie le quedaran dudas, Milei respald\u00f3 con hechos, actos y gestos a su amiga y confidente. \u201c<b>Defiendo a Pettovello, es la mejor ministra de la historia<\/b>\u201d, afirm\u00f3 el Presidente.<\/p>\n<p>M\u00e1s all\u00e1 de esas sobreactuaciones, <b>la \u00faltima novedad que se conoci\u00f3 fue que el asesor Fernando Szereszevsky present\u00f3 su renuncia<\/b>.<\/p>\n<p class=\"paragraph\" data-mrf-recirculation=\"Links inline\">Esta \u00faltima renuncia presentada por <b>Szereszevsky <\/b>-una pieza clave en el entorno de Pettovello- se sum\u00f3 a otras 41 cambios que ocurrieron en seis meses de gesti\u00f3n. Seg\u00fan pudo saber este medio, la ministra de Capital Humano hoy reuni\u00f3 a su Gabinete y personas de mayor confianza y les transmiti\u00f3 que la \u00faltima crisis ya qued\u00f3 atr\u00e1s y que arranca una nueva etapa. Con el respaldo expl\u00edcito de Milei, la funcionaria tiene previsto retomar la din\u00e1mica que hab\u00eda impuesto tras asumir el cargo.<\/p>\n<p class=\"paragraph\" data-mrf-recirculation=\"Links inline\">La ministra hab\u00eda mantenido esta semana un perfil muy bajo, con una agenda oficial m\u00ednima, al punto que falt\u00f3 a la \u00faltima reuni\u00f3n de Gabinete que se realiz\u00f3 en Casa Rosada y que tuvo en la cabecera de la mesa al primer mandatario y, a su lado, Karina Milei. Hubo en la semana versiones m\u00faltiples, amagues de renuncia y hasta el trascendido de que estar\u00eda dispuesta a dejar su cargo para asumir la Oficina Anticorrupci\u00f3n. Ser\u00eda un lugar donde profundizar una de las funciones que viene cumpliendo con especial \u00e9nfasis: investigar posibles hechos de corrupci\u00f3n y llevarlos a la Justicia. Milei -que adem\u00e1s de presidente es amigo personal- la elogia, entre otras cosas, por desarticular \u201cpufos\u201d, como nombra a los hechos de deshonestidad que encuentran en el \u00e1mbito del Estado. Si fuera as\u00ed, \u00bfCapital Humano seguir\u00eda manteniendo esta forma? Es un interrogante que corre a la par de qui\u00e9n ocupar\u00eda asumir\u00eda: \u00bfun intendente del Conurbano bonaerense conocido de Milei o un l\u00edder peronista del interior con m\u00e1s pedigr\u00ed que amistad?<\/p>\n","protected":false},"excerpt":{"rendered":"<p>La mega estructura que encabeza Sandra Pettovello perdi\u00f3 funcionarios y empleados jer\u00e1rquicos a ritmo acelerado. El racconto de los cambios y novedades que se conocieron hasta hoy en el organismo que re\u00fane a Desarrollo Social, Trabajo, Educaci\u00f3n, Cultura y Anses. Es, conceptualmente, la creaci\u00f3n principal del Presidente y donde se vienen produciendo despidos, renuncias y [&hellip;]<\/p>\n","protected":false},"author":2,"featured_media":870,"comment_status":"open","ping_status":"open","sticky":false,"template":"","format":"standard","meta":{"footnotes":""},"categories":[22],"tags":[],"class_list":{"0":"post-869","1":"post","2":"type-post","3":"status-publish","4":"format-standard","5":"has-post-thumbnail","7":"category-nacionales"},"aioseo_notices":[],"_links":{"self":[{"href":"https:\/\/elfaroonline.com.ar\/index.php\/wp-json\/wp\/v2\/posts\/869","targetHints":{"allow":["GET"]}}],"collection":[{"href":"https:\/\/elfaroonline.com.ar\/index.php\/wp-json\/wp\/v2\/posts"}],"about":[{"href":"https:\/\/elfaroonline.com.ar\/index.php\/wp-json\/wp\/v2\/types\/post"}],"author":[{"embeddable":true,"href":"https:\/\/elfaroonline.com.ar\/index.php\/wp-json\/wp\/v2\/users\/2"}],"replies":[{"embeddable":true,"href":"https:\/\/elfaroonline.com.ar\/index.php\/wp-json\/wp\/v2\/comments?post=869"}],"version-history":[{"count":1,"href":"https:\/\/elfaroonline.com.ar\/index.php\/wp-json\/wp\/v2\/posts\/869\/revisions"}],"predecessor-version":[{"id":871,"href":"https:\/\/elfaroonline.com.ar\/index.php\/wp-json\/wp\/v2\/posts\/869\/revisions\/871"}],"wp:featuredmedia":[{"embeddable":true,"href":"https:\/\/elfaroonline.com.ar\/index.php\/wp-json\/wp\/v2\/media\/870"}],"wp:attachment":[{"href":"https:\/\/elfaroonline.com.ar\/index.php\/wp-json\/wp\/v2\/media?parent=869"}],"wp:term":[{"taxonomy":"category","embeddable":true,"href":"https:\/\/elfaroonline.com.ar\/index.php\/wp-json\/wp\/v2\/categories?post=869"},{"taxonomy":"post_tag","embeddable":true,"href":"https:\/\/elfaroonline.com.ar\/index.php\/wp-json\/wp\/v2\/tags?post=869"}],"curies":[{"name":"wp","href":"https:\/\/api.w.org\/{rel}","templated":true}]}}